{"id":1107,"date":"2015-03-04T21:44:24","date_gmt":"2015-03-05T00:44:24","guid":{"rendered":"http:\/\/vaimenina.com.br\/blog\/?p=1107"},"modified":"2015-03-07T18:17:06","modified_gmt":"2015-03-07T21:17:06","slug":"tag-girl-power-semana-da-mulher","status":"publish","type":"post","link":"https:\/\/vaimenina.com.br\/blog\/tag-girl-power-semana-da-mulher\/","title":{"rendered":"Tag Girl Power &#8211; Semana da Mulher"},"content":{"rendered":"<div class=\"pntrst_main_before_after\"><div class=\"pntrst-button-wrap \" >\n\t\t\t\t\t\t\t<a  data-pin-do=\"buttonFollow\" href=\"https:\/\/www.pinterest.com\/vaimenina\/\">Follow me<\/a>\n\t\t\t\t\t\t<\/div><\/div><p>Oi minha gente, oi minhas meninas! Tudo bom com voc\u00eas?<br \/>\nPara essa semana, eu preparei 2\u00a0posts sobre o Dia Internacional da Mulher, falando o pouquinho do que sei sobre feminismo. Para come\u00e7ar, escolhi\u00a0essa tag da <a href=\"http:\/\/youtu.be\/i0S9cniEibM\" target=\"_blank\"><strong>Capricho<\/strong><\/a>, que a <a href=\"http:\/\/karolpinheiro.com.br\/\" target=\"_blank\"><strong>Karol Pinheiro<\/strong><\/a> respondeu e a <a href=\"http:\/\/www.amesmaessencia.com\/\" target=\"_blank\"><strong>Camila Cassiano<\/strong><\/a> indicou em um grupo que participo. Vamos l\u00e1?<\/p>\n<p><strong>TAG #GIRLPOWER<\/strong><\/p>\n<p><strong>1 &#8211;\u00a0O QUE SIGNIFICA GIRL POWER PARA VOC\u00ca?<br \/>\n<\/strong>Girl Power \u00e9 a\u00a0minha liberdade para vestir e fazer o que tenho vontade. Tamb\u00e9m \u00e9 a for\u00e7a que me impulsiona para lutar contra as injusti\u00e7as que mulheres sofrem, me une a todas a elas e me faz sentir empatia pelas suas hist\u00f3ria.<\/p>\n<p><strong>2 &#8211;\u00a0QUE FAMOSAS S\u00c3O SUAS REFER\u00caNCIAS DE GIRL POWER?<\/strong><br \/>\n<strong>Emma Watson<\/strong>, que usa o espa\u00e7o que tem na m\u00eddia para levantar quest\u00f5es humanit\u00e1rias, recentemente com a campanha HeForShe. Juntamente com a Emma, outras atrizes e cantoras\u00a0que tem desafiado a industria do entretenimento (<strong>Angelina Jolie<\/strong>, <strong>Jeniffer Lawrence<\/strong>, <strong>Lupita Nyong&#8217;o<\/strong>, <strong>Zooey Deschanel<\/strong>, <strong>Beyonc\u00e9<\/strong>, <strong>Lena Dunhan<\/strong>&#8230;)\u00a0e mostrado que s\u00e3o muito mais que peda\u00e7os\u00a0de carne. Outra mulher que admiro muito \u00e9 a autora da minha s\u00e9rie favorita,\u00a0<strong>JK Rowling.<\/strong>\u00a0Ela\u00a0enfrentou muita coisa at\u00e9 se consagrar com Harry Potter, ouviu\u00a0muitos n\u00e3os, mas insistiu e realizou seu sonho.<\/p>\n<p><strong>3 &#8211; QUAL \u00c9 A MELHOR MANEIRA DE UMA GAROTA ACHAR O PR\u00d3PRIO GIRL POWER?<br \/>\n<\/strong>Fazendo o que gosta. Respeitar as pr\u00f3prias vontades e sonhos \u00e9 a melhor maneira de encontrar a sua for\u00e7a, porque uma pessoa que n\u00e3o tem liberdade para fazer o que quer acaba se sentindo diminu\u00edda.<\/p>\n<p><strong>4 &#8211; SE VOC\u00ca PUDESSE TER UM SUPERPODER, QUAL SERIA?<br \/>\n<\/strong>Meu superpoder preferido sempre foi telecinese, como a Jean Grey de X-Men. Quando trabalhada, ela permite movimentar pequenos objetos e at\u00e9 pessoas. Pensa bem, movimentar a si mesmo = voar &lt;3.<\/p>\n<p><strong>5 &#8211; QUE PRODUTO DE BELEZA FAZ VOC\u00ca SE SENTIR SUPER PODEROSA?<\/strong><\/p>\n<p><a href=\"https:\/\/i0.wp.com\/vaimenina.com.br\/blog\/wp-content\/uploads\/2015\/03\/batom-vermelho-semana-mulher.jpg\"><img data-recalc-dims=\"1\" loading=\"lazy\" decoding=\"async\" class=\"alignnone wp-image-1118 size-large\" src=\"https:\/\/i0.wp.com\/vaimenina.com.br\/blog\/wp-content\/uploads\/2015\/03\/batom-vermelho-semana-mulher-1800x1011.jpg?resize=1170%2C657\" alt=\"batom-vermelho-semana-mulher\" width=\"1170\" height=\"657\" srcset=\"https:\/\/i0.wp.com\/vaimenina.com.br\/blog\/wp-content\/uploads\/2015\/03\/batom-vermelho-semana-mulher.jpg?resize=1800%2C1011&amp;ssl=1 1800w, https:\/\/i0.wp.com\/vaimenina.com.br\/blog\/wp-content\/uploads\/2015\/03\/batom-vermelho-semana-mulher.jpg?resize=300%2C169&amp;ssl=1 300w, https:\/\/i0.wp.com\/vaimenina.com.br\/blog\/wp-content\/uploads\/2015\/03\/batom-vermelho-semana-mulher.jpg?w=2000&amp;ssl=1 2000w\" sizes=\"(max-width: 1000px) 100vw, 1000px\" \/><\/a><br \/>\nBatom vermelho! Lembro quando era bem pequena e queria usar os da minha m\u00e3e e ser adulta como ela. Al\u00e9m do v\u00ednculo com ela e associa\u00e7\u00e3o a ser adulta, \u00e9 uma ousadia aos olhos de muitos, e at\u00e9 pouqu\u00edssimo tempo atr\u00e1s, coisa de mulher prom\u00edscua, de mulher que n\u00e3o se guarda. Coisa de mulher livre.<\/p>\n<p><strong>6 &#8211; QUE M\u00daSICA FAZ VOC\u00ca SE SENTIR UMA GAROTA PODEROSA?<\/strong><br \/>\nS\u00f3 uma? Escolhi 3 m\u00fasicas de 3 cantoras maravilhosas que falam de amor pr\u00f3prio.<\/p>\n<p><strong>Shake it Off<\/strong> da <strong>Taylor Swift<\/strong> e <strong>Velha e Louca<\/strong>, da <strong>Mallu Magalh\u00e3es<\/strong>\u00a0s\u00e3o bem dan\u00e7antes e falam de viver e se divertir muito sem se importar com a opini\u00e3o dos outros. As duas j\u00e1 foram muito criticadas, Taylor por ter muitos namorados, e Mallu por se relacionar com uma pessoa mais velha e, olha s\u00f3, s\u00e3o cr\u00edticas que s\u00f3 se aplicam ao g\u00eanero feminino, nunca vemos homens sofrendo por isso. Mas elas n\u00e3o ligaram e seguiram a vida, sendo felizes e cantando essa felicidade.<br \/>\n<iframe loading=\"lazy\" title=\"Taylor Swift - Shake It Off\" width=\"500\" height=\"281\" src=\"https:\/\/www.youtube.com\/embed\/nfWlot6h_JM?feature=oembed\" frameborder=\"0\" allow=\"accelerometer; autoplay; clipboard-write; encrypted-media; gyroscope; picture-in-picture; web-share\" referrerpolicy=\"strict-origin-when-cross-origin\" allowfullscreen><\/iframe><\/p>\n<p><iframe loading=\"lazy\" title=\"Mallu Magalh\u00e3es - Velha e Louca (Videoclipe)\" width=\"500\" height=\"281\" src=\"https:\/\/www.youtube.com\/embed\/f7UBDGt8VK8?feature=oembed\" frameborder=\"0\" allow=\"accelerometer; autoplay; clipboard-write; encrypted-media; gyroscope; picture-in-picture; web-share\" referrerpolicy=\"strict-origin-when-cross-origin\" allowfullscreen><\/iframe><\/p>\n<p><strong>Desconstruindo Am\u00e9lia<\/strong>\u00a0\u00e9 mais s\u00e9ria. Nela, a <strong>Pitty<\/strong> conta a hist\u00f3ria de muitas mulheres, representadas por Am\u00e9lia\u00a0(aquela\u00a0que era mulher de verdade). Tem a que ganha um sal\u00e1rio menor mesmo sendo t\u00e3o competente quanto os homens, a submissa ao marido, a esposinha perfeita e a super-m\u00e3e.\u00a0Mas Am\u00e9lia encontrou sua for\u00e7a e desconstruiu todas as imposi\u00e7\u00f5es da cultura machista que a faziam infeliz, e agora \u00e9 livre e realizada.<\/p>\n<p><iframe loading=\"lazy\" title=\"Pitty - Desconstruindo Am\u00e9lia (Ao Vivo)\" width=\"500\" height=\"281\" src=\"https:\/\/www.youtube.com\/embed\/Ph3ZXYcYDC4?feature=oembed\" frameborder=\"0\" allow=\"accelerometer; autoplay; clipboard-write; encrypted-media; gyroscope; picture-in-picture; web-share\" referrerpolicy=\"strict-origin-when-cross-origin\" allowfullscreen><\/iframe><\/p>\n<p><strong>7 &#8211; QUAL O SEU LEMA GIRL POWER?<br \/>\n<\/strong>O meu lema da vida \u00e9 &#8220;me ensino a ser mais tolerante, n\u00e3o julgar ningu\u00e9m e com isso ser mais feliz&#8221; da m\u00fasica Morada do Forfun, que \u00e9 uma das minhas\u00a0preferidas da vida. Mas pra falar de poder feminino, tem uma que falo bastante: &#8220;sou\u00a0mulher forte, segura e dona de mim&#8221;.\u00a0<span style=\"font-weight: inherit;\">Essa \u00e9 uma frase da m\u00fasica Nega Samurai, da Banda U\u00f3, e diz exatamente o que a gente precisa pra se manter lutando.<\/span><\/p>\n<p><strong>8 &#8211; QUAL A SUA MELHOR POSE GIRL POWER?<\/strong><br \/>\nSorrindo! Adoro sorrir e adoro tirar fotos sorrindo bem grande, mostrando os dentes, porque assim consigo demonstrar minha felicidade. Ser feliz por fazer o que gosta, lutar pelo que acredita e ser fiel a si mesmo \u00e9 uma rebeldia \ud83d\ude42<br \/>\n<img data-recalc-dims=\"1\" loading=\"lazy\" decoding=\"async\" class=\"alignnone wp-image-1127 size-large\" src=\"https:\/\/i0.wp.com\/vaimenina.com.br\/blog\/wp-content\/uploads\/2015\/03\/vaimenina-girlpower-1450x2400.jpg?resize=1170%2C1937\" alt=\"vai-menina-girl-power\" width=\"1170\" height=\"1937\" srcset=\"https:\/\/i0.wp.com\/vaimenina.com.br\/blog\/wp-content\/uploads\/2015\/03\/vaimenina-girlpower.jpg?resize=1450%2C2400&amp;ssl=1 1450w, https:\/\/i0.wp.com\/vaimenina.com.br\/blog\/wp-content\/uploads\/2015\/03\/vaimenina-girlpower.jpg?resize=181%2C300&amp;ssl=1 181w, https:\/\/i0.wp.com\/vaimenina.com.br\/blog\/wp-content\/uploads\/2015\/03\/vaimenina-girlpower.jpg?w=1566&amp;ssl=1 1566w\" sizes=\"(max-width: 1000px) 100vw, 1000px\" \/><\/p>\n<p>\u00c9 isso meninas \ud83d\ude42 Vamos divulgar essa tag? Vale fazer v\u00eddeo, post no blog ou at\u00e9 mesmo responder no seu Facebook. N\u00e3o esque\u00e7a de convidar as amigas para participar \ud83d\ude42<\/p>\n<p>Beijos, e at\u00e9 o pr\u00f3ximo post!<\/p>\n<div class=\"pntrst_main_before_after\"><\/div>","protected":false},"excerpt":{"rendered":"<p>Follow me Oi minha gente, oi minhas meninas! Tudo bom com voc\u00eas? Para essa semana, eu preparei 2\u00a0posts sobre o Dia Internacional da Mulher, falando o pouquinho do que sei sobre feminismo. Para come\u00e7ar, escolhi\u00a0essa tag da Capricho, que a Karol Pinheiro respondeu e a Camila Cassiano indicou em um grupo que participo. Vamos l\u00e1? [&hellip;]<\/p>\n","protected":false},"author":1,"featured_media":1127,"comment_status":"open","ping_status":"open","sticky":false,"template":"","format":"standard","meta":{"_exactmetrics_skip_tracking":false,"_exactmetrics_sitenote_active":false,"_exactmetrics_sitenote_note":"","_exactmetrics_sitenote_category":0,"jetpack_post_was_ever_published":false,"_jetpack_newsletter_access":"","_jetpack_dont_email_post_to_subs":false,"_jetpack_newsletter_tier_id":0,"_jetpack_memberships_contains_paywalled_content":false,"_jetpack_memberships_contains_paid_content":false,"footnotes":"","jetpack_publicize_message":"","jetpack_publicize_feature_enabled":true,"jetpack_social_post_already_shared":true,"jetpack_social_options":{"image_generator_settings":{"template":"highway","enabled":false},"version":2}},"categories":[8],"tags":[91,93,89,92,90],"class_list":["post-1107","post","type-post","status-publish","format-standard","has-post-thumbnail","hentry","category-opiniao","tag-dia-internacional-da-mulher","tag-feminismo","tag-girl-power","tag-semana-da-mulher","tag-tag"],"jetpack_publicize_connections":[],"yoast_head":"<!-- This site is optimized with the Yoast SEO plugin v23.5 - https:\/\/yoast.com\/wordpress\/plugins\/seo\/ -->\n<title>Tag Girl Power - Semana da Mulher - Vai Menina<\/title>\n<meta name=\"description\" content=\"Respondi a tag Girl Power, da Capricho. Emma Watson e J.K. Rowling s\u00e3o minhas inspira\u00e7\u00f5es. Eu me sinto poderosa de batom vermelho, e ao som da Taylor Swift.\" \/>\n<meta name=\"robots\" content=\"index, follow, max-snippet:-1, max-image-preview:large, max-video-preview:-1\" \/>\n<link rel=\"canonical\" href=\"https:\/\/vaimenina.com.br\/blog\/tag-girl-power-semana-da-mulher\/\" \/>\n<meta property=\"og:locale\" content=\"pt_BR\" \/>\n<meta property=\"og:type\" content=\"article\" \/>\n<meta property=\"og:title\" content=\"Tag Girl Power - Semana da Mulher - Vai Menina\" \/>\n<meta property=\"og:description\" content=\"Respondi a tag Girl Power, da Capricho. Emma Watson e J.K. Rowling s\u00e3o minhas inspira\u00e7\u00f5es. Eu me sinto poderosa de batom vermelho, e ao som da Taylor Swift.\" \/>\n<meta property=\"og:url\" content=\"https:\/\/vaimenina.com.br\/blog\/tag-girl-power-semana-da-mulher\/\" \/>\n<meta property=\"og:site_name\" content=\"Vai Menina\" \/>\n<meta property=\"article:publisher\" content=\"https:\/\/www.facebook.com\/vaimenina\/\" \/>\n<meta property=\"article:published_time\" content=\"2015-03-05T00:44:24+00:00\" \/>\n<meta property=\"article:modified_time\" content=\"2015-03-07T21:17:06+00:00\" \/>\n<meta property=\"og:image\" content=\"https:\/\/i0.wp.com\/vaimenina.com.br\/blog\/wp-content\/uploads\/2015\/03\/vaimenina-girlpower.jpg?fit=1566%2C2592&ssl=1\" \/>\n\t<meta property=\"og:image:width\" content=\"1566\" \/>\n\t<meta property=\"og:image:height\" content=\"2592\" \/>\n\t<meta property=\"og:image:type\" content=\"image\/jpeg\" \/>\n<meta name=\"author\" content=\"J\u00e9ssica Ambr\u00f3sio\" \/>\n<meta name=\"twitter:label1\" content=\"Escrito por\" \/>\n\t<meta name=\"twitter:data1\" content=\"J\u00e9ssica Ambr\u00f3sio\" \/>\n\t<meta name=\"twitter:label2\" content=\"Est. tempo de leitura\" \/>\n\t<meta name=\"twitter:data2\" content=\"4 minutos\" \/>\n<script type=\"application\/ld+json\" class=\"yoast-schema-graph\">{\"@context\":\"https:\/\/schema.org\",\"@graph\":[{\"@type\":\"WebPage\",\"@id\":\"https:\/\/vaimenina.com.br\/blog\/tag-girl-power-semana-da-mulher\/\",\"url\":\"https:\/\/vaimenina.com.br\/blog\/tag-girl-power-semana-da-mulher\/\",\"name\":\"Tag Girl Power - Semana da Mulher - Vai Menina\",\"isPartOf\":{\"@id\":\"https:\/\/vaimenina.com.br\/blog\/#website\"},\"primaryImageOfPage\":{\"@id\":\"https:\/\/vaimenina.com.br\/blog\/tag-girl-power-semana-da-mulher\/#primaryimage\"},\"image\":{\"@id\":\"https:\/\/vaimenina.com.br\/blog\/tag-girl-power-semana-da-mulher\/#primaryimage\"},\"thumbnailUrl\":\"https:\/\/i0.wp.com\/vaimenina.com.br\/blog\/wp-content\/uploads\/2015\/03\/vaimenina-girlpower.jpg?fit=1566%2C2592&ssl=1\",\"datePublished\":\"2015-03-05T00:44:24+00:00\",\"dateModified\":\"2015-03-07T21:17:06+00:00\",\"author\":{\"@id\":\"https:\/\/vaimenina.com.br\/blog\/#\/schema\/person\/1bb0854ebc4c892c2d934c1682a715e5\"},\"description\":\"Respondi a tag Girl Power, da Capricho. Emma Watson e J.K. Rowling s\u00e3o minhas inspira\u00e7\u00f5es. Eu me sinto poderosa de batom vermelho, e ao som da Taylor Swift.\",\"breadcrumb\":{\"@id\":\"https:\/\/vaimenina.com.br\/blog\/tag-girl-power-semana-da-mulher\/#breadcrumb\"},\"inLanguage\":\"pt-BR\",\"potentialAction\":[{\"@type\":\"ReadAction\",\"target\":[\"https:\/\/vaimenina.com.br\/blog\/tag-girl-power-semana-da-mulher\/\"]}]},{\"@type\":\"ImageObject\",\"inLanguage\":\"pt-BR\",\"@id\":\"https:\/\/vaimenina.com.br\/blog\/tag-girl-power-semana-da-mulher\/#primaryimage\",\"url\":\"https:\/\/i0.wp.com\/vaimenina.com.br\/blog\/wp-content\/uploads\/2015\/03\/vaimenina-girlpower.jpg?fit=1566%2C2592&ssl=1\",\"contentUrl\":\"https:\/\/i0.wp.com\/vaimenina.com.br\/blog\/wp-content\/uploads\/2015\/03\/vaimenina-girlpower.jpg?fit=1566%2C2592&ssl=1\",\"width\":1566,\"height\":2592},{\"@type\":\"BreadcrumbList\",\"@id\":\"https:\/\/vaimenina.com.br\/blog\/tag-girl-power-semana-da-mulher\/#breadcrumb\",\"itemListElement\":[{\"@type\":\"ListItem\",\"position\":1,\"name\":\"In\u00edcio\",\"item\":\"https:\/\/vaimenina.com.br\/blog\/\"},{\"@type\":\"ListItem\",\"position\":2,\"name\":\"Tag Girl Power &#8211; Semana da Mulher\"}]},{\"@type\":\"WebSite\",\"@id\":\"https:\/\/vaimenina.com.br\/blog\/#website\",\"url\":\"https:\/\/vaimenina.com.br\/blog\/\",\"name\":\"Vai Menina\",\"description\":\"Viagens, ballet, cabelo, comportamento e mais...\",\"potentialAction\":[{\"@type\":\"SearchAction\",\"target\":{\"@type\":\"EntryPoint\",\"urlTemplate\":\"https:\/\/vaimenina.com.br\/blog\/?s={search_term_string}\"},\"query-input\":{\"@type\":\"PropertyValueSpecification\",\"valueRequired\":true,\"valueName\":\"search_term_string\"}}],\"inLanguage\":\"pt-BR\"},{\"@type\":\"Person\",\"@id\":\"https:\/\/vaimenina.com.br\/blog\/#\/schema\/person\/1bb0854ebc4c892c2d934c1682a715e5\",\"name\":\"J\u00e9ssica Ambr\u00f3sio\",\"image\":{\"@type\":\"ImageObject\",\"inLanguage\":\"pt-BR\",\"@id\":\"https:\/\/vaimenina.com.br\/blog\/#\/schema\/person\/image\/\",\"url\":\"https:\/\/secure.gravatar.com\/avatar\/be6d47f8502242c8b858a32c7dfc6d39?s=96&d=mm&r=g\",\"contentUrl\":\"https:\/\/secure.gravatar.com\/avatar\/be6d47f8502242c8b858a32c7dfc6d39?s=96&d=mm&r=g\",\"caption\":\"J\u00e9ssica Ambr\u00f3sio\"},\"description\":\"Publicit\u00e1ria, bailarina e cacheada. Adoro escrever e estou descobrindo as del\u00edcias de viajar. Tudo no custo-ben\u00ea, claro.\",\"sameAs\":[\"http:\/\/vaimenina.com.br\"],\"url\":\"https:\/\/vaimenina.com.br\/blog\/author\/jeh-ambrosiogmail-com\/\"}]}<\/script>\n<!-- \/ Yoast SEO plugin. -->","yoast_head_json":{"title":"Tag Girl Power - Semana da Mulher - Vai Menina","description":"Respondi a tag Girl Power, da Capricho. Emma Watson e J.K. Rowling s\u00e3o minhas inspira\u00e7\u00f5es. Eu me sinto poderosa de batom vermelho, e ao som da Taylor Swift.","robots":{"index":"index","follow":"follow","max-snippet":"max-snippet:-1","max-image-preview":"max-image-preview:large","max-video-preview":"max-video-preview:-1"},"canonical":"https:\/\/vaimenina.com.br\/blog\/tag-girl-power-semana-da-mulher\/","og_locale":"pt_BR","og_type":"article","og_title":"Tag Girl Power - Semana da Mulher - Vai Menina","og_description":"Respondi a tag Girl Power, da Capricho. Emma Watson e J.K. Rowling s\u00e3o minhas inspira\u00e7\u00f5es. Eu me sinto poderosa de batom vermelho, e ao som da Taylor Swift.","og_url":"https:\/\/vaimenina.com.br\/blog\/tag-girl-power-semana-da-mulher\/","og_site_name":"Vai Menina","article_publisher":"https:\/\/www.facebook.com\/vaimenina\/","article_published_time":"2015-03-05T00:44:24+00:00","article_modified_time":"2015-03-07T21:17:06+00:00","og_image":[{"width":1566,"height":2592,"url":"https:\/\/i0.wp.com\/vaimenina.com.br\/blog\/wp-content\/uploads\/2015\/03\/vaimenina-girlpower.jpg?fit=1566%2C2592&ssl=1","type":"image\/jpeg"}],"author":"J\u00e9ssica Ambr\u00f3sio","twitter_misc":{"Escrito por":"J\u00e9ssica Ambr\u00f3sio","Est. tempo de leitura":"4 minutos"},"schema":{"@context":"https:\/\/schema.org","@graph":[{"@type":"WebPage","@id":"https:\/\/vaimenina.com.br\/blog\/tag-girl-power-semana-da-mulher\/","url":"https:\/\/vaimenina.com.br\/blog\/tag-girl-power-semana-da-mulher\/","name":"Tag Girl Power - Semana da Mulher - Vai Menina","isPartOf":{"@id":"https:\/\/vaimenina.com.br\/blog\/#website"},"primaryImageOfPage":{"@id":"https:\/\/vaimenina.com.br\/blog\/tag-girl-power-semana-da-mulher\/#primaryimage"},"image":{"@id":"https:\/\/vaimenina.com.br\/blog\/tag-girl-power-semana-da-mulher\/#primaryimage"},"thumbnailUrl":"https:\/\/i0.wp.com\/vaimenina.com.br\/blog\/wp-content\/uploads\/2015\/03\/vaimenina-girlpower.jpg?fit=1566%2C2592&ssl=1","datePublished":"2015-03-05T00:44:24+00:00","dateModified":"2015-03-07T21:17:06+00:00","author":{"@id":"https:\/\/vaimenina.com.br\/blog\/#\/schema\/person\/1bb0854ebc4c892c2d934c1682a715e5"},"description":"Respondi a tag Girl Power, da Capricho. Emma Watson e J.K. Rowling s\u00e3o minhas inspira\u00e7\u00f5es. Eu me sinto poderosa de batom vermelho, e ao som da Taylor Swift.","breadcrumb":{"@id":"https:\/\/vaimenina.com.br\/blog\/tag-girl-power-semana-da-mulher\/#breadcrumb"},"inLanguage":"pt-BR","potentialAction":[{"@type":"ReadAction","target":["https:\/\/vaimenina.com.br\/blog\/tag-girl-power-semana-da-mulher\/"]}]},{"@type":"ImageObject","inLanguage":"pt-BR","@id":"https:\/\/vaimenina.com.br\/blog\/tag-girl-power-semana-da-mulher\/#primaryimage","url":"https:\/\/i0.wp.com\/vaimenina.com.br\/blog\/wp-content\/uploads\/2015\/03\/vaimenina-girlpower.jpg?fit=1566%2C2592&ssl=1","contentUrl":"https:\/\/i0.wp.com\/vaimenina.com.br\/blog\/wp-content\/uploads\/2015\/03\/vaimenina-girlpower.jpg?fit=1566%2C2592&ssl=1","width":1566,"height":2592},{"@type":"BreadcrumbList","@id":"https:\/\/vaimenina.com.br\/blog\/tag-girl-power-semana-da-mulher\/#breadcrumb","itemListElement":[{"@type":"ListItem","position":1,"name":"In\u00edcio","item":"https:\/\/vaimenina.com.br\/blog\/"},{"@type":"ListItem","position":2,"name":"Tag Girl Power &#8211; Semana da Mulher"}]},{"@type":"WebSite","@id":"https:\/\/vaimenina.com.br\/blog\/#website","url":"https:\/\/vaimenina.com.br\/blog\/","name":"Vai Menina","description":"Viagens, ballet, cabelo, comportamento e mais...","potentialAction":[{"@type":"SearchAction","target":{"@type":"EntryPoint","urlTemplate":"https:\/\/vaimenina.com.br\/blog\/?s={search_term_string}"},"query-input":{"@type":"PropertyValueSpecification","valueRequired":true,"valueName":"search_term_string"}}],"inLanguage":"pt-BR"},{"@type":"Person","@id":"https:\/\/vaimenina.com.br\/blog\/#\/schema\/person\/1bb0854ebc4c892c2d934c1682a715e5","name":"J\u00e9ssica Ambr\u00f3sio","image":{"@type":"ImageObject","inLanguage":"pt-BR","@id":"https:\/\/vaimenina.com.br\/blog\/#\/schema\/person\/image\/","url":"https:\/\/secure.gravatar.com\/avatar\/be6d47f8502242c8b858a32c7dfc6d39?s=96&d=mm&r=g","contentUrl":"https:\/\/secure.gravatar.com\/avatar\/be6d47f8502242c8b858a32c7dfc6d39?s=96&d=mm&r=g","caption":"J\u00e9ssica Ambr\u00f3sio"},"description":"Publicit\u00e1ria, bailarina e cacheada. Adoro escrever e estou descobrindo as del\u00edcias de viajar. Tudo no custo-ben\u00ea, claro.","sameAs":["http:\/\/vaimenina.com.br"],"url":"https:\/\/vaimenina.com.br\/blog\/author\/jeh-ambrosiogmail-com\/"}]}},"jetpack_featured_media_url":"https:\/\/i0.wp.com\/vaimenina.com.br\/blog\/wp-content\/uploads\/2015\/03\/vaimenina-girlpower.jpg?fit=1566%2C2592&ssl=1","jetpack_sharing_enabled":true,"jetpack_shortlink":"https:\/\/wp.me\/p5GGJf-hR","_links":{"self":[{"href":"https:\/\/vaimenina.com.br\/blog\/wp-json\/wp\/v2\/posts\/1107"}],"collection":[{"href":"https:\/\/vaimenina.com.br\/blog\/wp-json\/wp\/v2\/posts"}],"about":[{"href":"https:\/\/vaimenina.com.br\/blog\/wp-json\/wp\/v2\/types\/post"}],"author":[{"embeddable":true,"href":"https:\/\/vaimenina.com.br\/blog\/wp-json\/wp\/v2\/users\/1"}],"replies":[{"embeddable":true,"href":"https:\/\/vaimenina.com.br\/blog\/wp-json\/wp\/v2\/comments?post=1107"}],"version-history":[{"count":25,"href":"https:\/\/vaimenina.com.br\/blog\/wp-json\/wp\/v2\/posts\/1107\/revisions"}],"predecessor-version":[{"id":1201,"href":"https:\/\/vaimenina.com.br\/blog\/wp-json\/wp\/v2\/posts\/1107\/revisions\/1201"}],"wp:featuredmedia":[{"embeddable":true,"href":"https:\/\/vaimenina.com.br\/blog\/wp-json\/wp\/v2\/media\/1127"}],"wp:attachment":[{"href":"https:\/\/vaimenina.com.br\/blog\/wp-json\/wp\/v2\/media?parent=1107"}],"wp:term":[{"taxonomy":"category","embeddable":true,"href":"https:\/\/vaimenina.com.br\/blog\/wp-json\/wp\/v2\/categories?post=1107"},{"taxonomy":"post_tag","embeddable":true,"href":"https:\/\/vaimenina.com.br\/blog\/wp-json\/wp\/v2\/tags?post=1107"}],"curies":[{"name":"wp","href":"https:\/\/api.w.org\/{rel}","templated":true}]}}