{"id":1246,"date":"2015-03-26T12:06:07","date_gmt":"2015-03-26T15:06:07","guid":{"rendered":"http:\/\/vaimenina.com.br\/blog\/?p=1246"},"modified":"2015-03-26T12:13:48","modified_gmt":"2015-03-26T15:13:48","slug":"cafe-da-manha-especial-ovo-de-coracao","status":"publish","type":"post","link":"https:\/\/vaimenina.com.br\/blog\/cafe-da-manha-especial-ovo-de-coracao\/","title":{"rendered":"Caf\u00e9 da Manh\u00e3 Especial &#8211; Ovo de Cora\u00e7\u00e3o"},"content":{"rendered":"<div class=\"pntrst_main_before_after\"><div class=\"pntrst-button-wrap \" >\n\t\t\t\t\t\t\t<a  data-pin-do=\"buttonFollow\" href=\"https:\/\/www.pinterest.com\/vaimenina\/\">Follow me<\/a>\n\t\t\t\t\t\t<\/div><\/div><p>Oi minha gente, tudo bom?<\/p>\n<p>Preparar uma surpresa para uma pessoa querida \u00e9 sempre gostoso, n\u00e3o \u00e9 mesmo? Essa semana comemorei o anivers\u00e1rio do And, meu namorado, e achei que seria legal dividir com voc\u00eas algumas ideias que tive. Eu acredito que n\u00e3o precisamos de muito para surpreender, e por isso decidi compartilhar o <strong>caf\u00e9 da manh\u00e3 especial<\/strong> que preparei para ele.<\/p>\n<p>Foi bem f\u00e1cil\u00a0e ficou muito bonito. Voc\u00ea pode fazer para sua m\u00e3e, seu pai, namorado, namorada, irm\u00e3o&#8230; Tenho certeza que qualquer pessoa querida vai gostar de receber esse mimo.<\/p>\n<p><a href=\"https:\/\/i0.wp.com\/vaimenina.com.br\/blog\/wp-content\/uploads\/2015\/03\/cafe-manha-especial-faca-voce-mesmo.jpg\"><img data-recalc-dims=\"1\" loading=\"lazy\" decoding=\"async\" class=\"aligncenter wp-image-1256 size-full\" src=\"https:\/\/i0.wp.com\/vaimenina.com.br\/blog\/wp-content\/uploads\/2015\/03\/cafe-manha-especial-faca-voce-mesmo.jpg?resize=1800%2C1404\" alt=\"Caf\u00e9 da manh\u00e3 especial\" width=\"1800\" height=\"1404\" srcset=\"https:\/\/i0.wp.com\/vaimenina.com.br\/blog\/wp-content\/uploads\/2015\/03\/cafe-manha-especial-faca-voce-mesmo.jpg?w=1800&amp;ssl=1 1800w, https:\/\/i0.wp.com\/vaimenina.com.br\/blog\/wp-content\/uploads\/2015\/03\/cafe-manha-especial-faca-voce-mesmo.jpg?resize=300%2C234&amp;ssl=1 300w\" sizes=\"(max-width: 1000px) 100vw, 1000px\" \/><\/a><\/p>\n<p>Eu decidi fazer na noite anterior, ent\u00e3o dei uma conferida no que tinha na minha cozinha, pois n\u00e3o teria tempo de sair para comprar nada. Se voc\u00ea se planejar, pode comprar com anteced\u00eancia p\u00e3es, biscoitos, frutas e tudo mais que a pessoa gosta de comer. O meu foi bem simples:<\/p>\n<ul>\n<li>p\u00e3o tostado;<\/li>\n<li>ovo de microondas;<\/li>\n<li>mini sandu\u00edche de peru no p\u00e3o s\u00edrio;<\/li>\n<li>bolo de caneca;<\/li>\n<li>leite com achocolatado.<\/li>\n<\/ul>\n<p>O charme da refei\u00e7\u00e3o ficou por conta do <strong>ovo com formato de cora\u00e7\u00e3o<\/strong>.\u00a0Eu fiz no microondas em uma forminha pl\u00e1stica pr\u00f3pria para isso. Minha m\u00e3e comprou por cat\u00e1logo h\u00e1 certo tempo, mas encontrei formas iguais no <a href=\"http:\/\/lista.mercadolivre.com.br\/forma-ovo-microondas-coracao#D[A:forma-ovo-microondas-coracao]\" target=\"_blank\"><strong>Mercado Livre<\/strong><\/a>. Voc\u00ea tamb\u00e9m pode usar outro recipiente para preparar os ovos, de lou\u00e7a, pl\u00e1stico ou vidro, contanto que seja indicado para uso no microondas. Para que n\u00e3o grude, basta untar com \u00f3leo ou manteiga. O tempo varia de acordo com a pot\u00eancia do seu micro e o jeito que gosta do ovo. Eu coloquei 1&#8217;10&#8221; para a gema ficar firme, isso ajuda a desenformar e garantir a forma certa do nosso <strong>ovo de cora\u00e7\u00e3o<\/strong>.<\/p>\n<figure id=\"attachment_1261\" aria-describedby=\"caption-attachment-1261\" style=\"width: 300px\" class=\"wp-caption aligncenter\"><a href=\"https:\/\/i0.wp.com\/vaimenina.com.br\/blog\/wp-content\/uploads\/2015\/03\/ovo-de-cora\u00e7\u00e3o.jpg\"><img data-recalc-dims=\"1\" loading=\"lazy\" decoding=\"async\" class=\"wp-image-1261 size-medium\" src=\"https:\/\/i0.wp.com\/vaimenina.com.br\/blog\/wp-content\/uploads\/2015\/03\/ovo-de-cora\u00e7\u00e3o-300x245.jpg?resize=300%2C245\" alt=\"ovo de cora\u00e7\u00e3o\" width=\"300\" height=\"245\" srcset=\"https:\/\/i0.wp.com\/vaimenina.com.br\/blog\/wp-content\/uploads\/2015\/03\/ovo-de-cora\u00e7\u00e3o.jpg?resize=300%2C245&amp;ssl=1 300w, https:\/\/i0.wp.com\/vaimenina.com.br\/blog\/wp-content\/uploads\/2015\/03\/ovo-de-cora\u00e7\u00e3o.jpg?w=1800&amp;ssl=1 1800w\" sizes=\"(max-width: 300px) 100vw, 300px\" \/><\/a><figcaption id=\"caption-attachment-1261\" class=\"wp-caption-text\">Essa \u00e9 a forma que uso, faz dois ovos de um lado, ou omelete do outro.<\/figcaption><\/figure>\n<p>&nbsp;<\/p>\n<p>Voc\u00ea pode montar uma mesa para esse caf\u00e9 da manh\u00e3 especial, acrescentando um vaso ou copo com flores e outros objetos de decora\u00e7\u00e3o, ou pode levar na cama, como eu fiz. N\u00e3o tenho bandeja para isso, ent\u00e3o montei os mesmos alimentos em dois pratos grandes e apoiei os copos em um m\u00f3vel. Me desculpem por n\u00e3o ter fotografado mais, a bateria da c\u00e2mera acabou bem na hora :\/<\/p>\n<p>Mesmo sem mais fotos, o que importa \u00e9 que o\u00a0aniversariante ficou feliz e eu vi que valeu mesmo a pena acordar mais cedo para preparar a surpresa &lt;3\u00a0Espero que tenham gostado tanto quanto ele e que esse post sirva de inspira\u00e7\u00e3o.<br \/>\nBeijos, e at\u00e9 breve :*<\/p>\n<div class=\"pntrst_main_before_after\"><\/div>","protected":false},"excerpt":{"rendered":"<p>Follow me Oi minha gente, tudo bom? Preparar uma surpresa para uma pessoa querida \u00e9 sempre gostoso, n\u00e3o \u00e9 mesmo? Essa semana comemorei o anivers\u00e1rio do And, meu namorado, e achei que seria legal dividir com voc\u00eas algumas ideias que tive. Eu acredito que n\u00e3o precisamos de muito para surpreender, e por isso decidi compartilhar [&hellip;]<\/p>\n","protected":false},"author":1,"featured_media":1256,"comment_status":"open","ping_status":"open","sticky":false,"template":"","format":"standard","meta":{"_exactmetrics_skip_tracking":false,"_exactmetrics_sitenote_active":false,"_exactmetrics_sitenote_note":"","_exactmetrics_sitenote_category":0,"jetpack_post_was_ever_published":false,"_jetpack_newsletter_access":"","_jetpack_dont_email_post_to_subs":false,"_jetpack_newsletter_tier_id":0,"_jetpack_memberships_contains_paywalled_content":false,"_jetpack_memberships_contains_paid_content":false,"footnotes":"","jetpack_publicize_message":"","jetpack_publicize_feature_enabled":true,"jetpack_social_post_already_shared":true,"jetpack_social_options":{"image_generator_settings":{"template":"highway","enabled":false},"version":2}},"categories":[97],"tags":[98,83,99],"class_list":["post-1246","post","type-post","status-publish","format-standard","has-post-thumbnail","hentry","category-faca-voce-mesmo","tag-cafe-da-manha","tag-faca-voce-mesmo","tag-ovo-de-coracao"],"jetpack_publicize_connections":[],"yoast_head":"<!-- This site is optimized with the Yoast SEO plugin v23.5 - https:\/\/yoast.com\/wordpress\/plugins\/seo\/ -->\n<title>Caf\u00e9 da Manh\u00e3 Especial - Ovo de Cora\u00e7\u00e3o - Vai Menina<\/title>\n<meta name=\"description\" content=\"Um caf\u00e9 da manh\u00e3 especial e f\u00e1cil de preparar. Com alimentos simples e muito carinho, surpreenda uma pessoa querida. B\u00f4nus: ovo de cora\u00e7\u00e3o no microondas.\" \/>\n<meta name=\"robots\" content=\"index, follow, max-snippet:-1, max-image-preview:large, max-video-preview:-1\" \/>\n<link rel=\"canonical\" href=\"https:\/\/vaimenina.com.br\/blog\/cafe-da-manha-especial-ovo-de-coracao\/\" \/>\n<meta property=\"og:locale\" content=\"pt_BR\" \/>\n<meta property=\"og:type\" content=\"article\" \/>\n<meta property=\"og:title\" content=\"Caf\u00e9 da Manh\u00e3 Especial - Ovo de Cora\u00e7\u00e3o - Vai Menina\" \/>\n<meta property=\"og:description\" content=\"Um caf\u00e9 da manh\u00e3 especial e f\u00e1cil de preparar. Com alimentos simples e muito carinho, surpreenda uma pessoa querida. B\u00f4nus: ovo de cora\u00e7\u00e3o no microondas.\" \/>\n<meta property=\"og:url\" content=\"https:\/\/vaimenina.com.br\/blog\/cafe-da-manha-especial-ovo-de-coracao\/\" \/>\n<meta property=\"og:site_name\" content=\"Vai Menina\" \/>\n<meta property=\"article:publisher\" content=\"https:\/\/www.facebook.com\/vaimenina\/\" \/>\n<meta property=\"article:published_time\" content=\"2015-03-26T15:06:07+00:00\" \/>\n<meta property=\"article:modified_time\" content=\"2015-03-26T15:13:48+00:00\" \/>\n<meta property=\"og:image\" content=\"https:\/\/i0.wp.com\/vaimenina.com.br\/blog\/wp-content\/uploads\/2015\/03\/cafe-manha-especial-faca-voce-mesmo.jpg?fit=1800%2C1404&ssl=1\" \/>\n\t<meta property=\"og:image:width\" content=\"1800\" \/>\n\t<meta property=\"og:image:height\" content=\"1404\" \/>\n\t<meta property=\"og:image:type\" content=\"image\/jpeg\" \/>\n<meta name=\"author\" content=\"J\u00e9ssica Ambr\u00f3sio\" \/>\n<meta name=\"twitter:label1\" content=\"Escrito por\" \/>\n\t<meta name=\"twitter:data1\" content=\"J\u00e9ssica Ambr\u00f3sio\" \/>\n\t<meta name=\"twitter:label2\" content=\"Est. tempo de leitura\" \/>\n\t<meta name=\"twitter:data2\" content=\"2 minutos\" \/>\n<script type=\"application\/ld+json\" class=\"yoast-schema-graph\">{\"@context\":\"https:\/\/schema.org\",\"@graph\":[{\"@type\":\"WebPage\",\"@id\":\"https:\/\/vaimenina.com.br\/blog\/cafe-da-manha-especial-ovo-de-coracao\/\",\"url\":\"https:\/\/vaimenina.com.br\/blog\/cafe-da-manha-especial-ovo-de-coracao\/\",\"name\":\"Caf\u00e9 da Manh\u00e3 Especial - Ovo de Cora\u00e7\u00e3o - Vai Menina\",\"isPartOf\":{\"@id\":\"https:\/\/vaimenina.com.br\/blog\/#website\"},\"primaryImageOfPage\":{\"@id\":\"https:\/\/vaimenina.com.br\/blog\/cafe-da-manha-especial-ovo-de-coracao\/#primaryimage\"},\"image\":{\"@id\":\"https:\/\/vaimenina.com.br\/blog\/cafe-da-manha-especial-ovo-de-coracao\/#primaryimage\"},\"thumbnailUrl\":\"https:\/\/i0.wp.com\/vaimenina.com.br\/blog\/wp-content\/uploads\/2015\/03\/cafe-manha-especial-faca-voce-mesmo.jpg?fit=1800%2C1404&ssl=1\",\"datePublished\":\"2015-03-26T15:06:07+00:00\",\"dateModified\":\"2015-03-26T15:13:48+00:00\",\"author\":{\"@id\":\"https:\/\/vaimenina.com.br\/blog\/#\/schema\/person\/1bb0854ebc4c892c2d934c1682a715e5\"},\"description\":\"Um caf\u00e9 da manh\u00e3 especial e f\u00e1cil de preparar. Com alimentos simples e muito carinho, surpreenda uma pessoa querida. B\u00f4nus: ovo de cora\u00e7\u00e3o no microondas.\",\"breadcrumb\":{\"@id\":\"https:\/\/vaimenina.com.br\/blog\/cafe-da-manha-especial-ovo-de-coracao\/#breadcrumb\"},\"inLanguage\":\"pt-BR\",\"potentialAction\":[{\"@type\":\"ReadAction\",\"target\":[\"https:\/\/vaimenina.com.br\/blog\/cafe-da-manha-especial-ovo-de-coracao\/\"]}]},{\"@type\":\"ImageObject\",\"inLanguage\":\"pt-BR\",\"@id\":\"https:\/\/vaimenina.com.br\/blog\/cafe-da-manha-especial-ovo-de-coracao\/#primaryimage\",\"url\":\"https:\/\/i0.wp.com\/vaimenina.com.br\/blog\/wp-content\/uploads\/2015\/03\/cafe-manha-especial-faca-voce-mesmo.jpg?fit=1800%2C1404&ssl=1\",\"contentUrl\":\"https:\/\/i0.wp.com\/vaimenina.com.br\/blog\/wp-content\/uploads\/2015\/03\/cafe-manha-especial-faca-voce-mesmo.jpg?fit=1800%2C1404&ssl=1\",\"width\":1800,\"height\":1404,\"caption\":\"Caf\u00e9 da manh\u00e3 especial\"},{\"@type\":\"BreadcrumbList\",\"@id\":\"https:\/\/vaimenina.com.br\/blog\/cafe-da-manha-especial-ovo-de-coracao\/#breadcrumb\",\"itemListElement\":[{\"@type\":\"ListItem\",\"position\":1,\"name\":\"In\u00edcio\",\"item\":\"https:\/\/vaimenina.com.br\/blog\/\"},{\"@type\":\"ListItem\",\"position\":2,\"name\":\"Caf\u00e9 da Manh\u00e3 Especial &#8211; Ovo de Cora\u00e7\u00e3o\"}]},{\"@type\":\"WebSite\",\"@id\":\"https:\/\/vaimenina.com.br\/blog\/#website\",\"url\":\"https:\/\/vaimenina.com.br\/blog\/\",\"name\":\"Vai Menina\",\"description\":\"Viagens, ballet, cabelo, comportamento e mais...\",\"potentialAction\":[{\"@type\":\"SearchAction\",\"target\":{\"@type\":\"EntryPoint\",\"urlTemplate\":\"https:\/\/vaimenina.com.br\/blog\/?s={search_term_string}\"},\"query-input\":{\"@type\":\"PropertyValueSpecification\",\"valueRequired\":true,\"valueName\":\"search_term_string\"}}],\"inLanguage\":\"pt-BR\"},{\"@type\":\"Person\",\"@id\":\"https:\/\/vaimenina.com.br\/blog\/#\/schema\/person\/1bb0854ebc4c892c2d934c1682a715e5\",\"name\":\"J\u00e9ssica Ambr\u00f3sio\",\"image\":{\"@type\":\"ImageObject\",\"inLanguage\":\"pt-BR\",\"@id\":\"https:\/\/vaimenina.com.br\/blog\/#\/schema\/person\/image\/\",\"url\":\"https:\/\/secure.gravatar.com\/avatar\/be6d47f8502242c8b858a32c7dfc6d39?s=96&d=mm&r=g\",\"contentUrl\":\"https:\/\/secure.gravatar.com\/avatar\/be6d47f8502242c8b858a32c7dfc6d39?s=96&d=mm&r=g\",\"caption\":\"J\u00e9ssica Ambr\u00f3sio\"},\"description\":\"Publicit\u00e1ria, bailarina e cacheada. Adoro escrever e estou descobrindo as del\u00edcias de viajar. Tudo no custo-ben\u00ea, claro.\",\"sameAs\":[\"http:\/\/vaimenina.com.br\"],\"url\":\"https:\/\/vaimenina.com.br\/blog\/author\/jeh-ambrosiogmail-com\/\"}]}<\/script>\n<!-- \/ Yoast SEO plugin. -->","yoast_head_json":{"title":"Caf\u00e9 da Manh\u00e3 Especial - Ovo de Cora\u00e7\u00e3o - Vai Menina","description":"Um caf\u00e9 da manh\u00e3 especial e f\u00e1cil de preparar. Com alimentos simples e muito carinho, surpreenda uma pessoa querida. B\u00f4nus: ovo de cora\u00e7\u00e3o no microondas.","robots":{"index":"index","follow":"follow","max-snippet":"max-snippet:-1","max-image-preview":"max-image-preview:large","max-video-preview":"max-video-preview:-1"},"canonical":"https:\/\/vaimenina.com.br\/blog\/cafe-da-manha-especial-ovo-de-coracao\/","og_locale":"pt_BR","og_type":"article","og_title":"Caf\u00e9 da Manh\u00e3 Especial - Ovo de Cora\u00e7\u00e3o - Vai Menina","og_description":"Um caf\u00e9 da manh\u00e3 especial e f\u00e1cil de preparar. Com alimentos simples e muito carinho, surpreenda uma pessoa querida. B\u00f4nus: ovo de cora\u00e7\u00e3o no microondas.","og_url":"https:\/\/vaimenina.com.br\/blog\/cafe-da-manha-especial-ovo-de-coracao\/","og_site_name":"Vai Menina","article_publisher":"https:\/\/www.facebook.com\/vaimenina\/","article_published_time":"2015-03-26T15:06:07+00:00","article_modified_time":"2015-03-26T15:13:48+00:00","og_image":[{"width":1800,"height":1404,"url":"https:\/\/i0.wp.com\/vaimenina.com.br\/blog\/wp-content\/uploads\/2015\/03\/cafe-manha-especial-faca-voce-mesmo.jpg?fit=1800%2C1404&ssl=1","type":"image\/jpeg"}],"author":"J\u00e9ssica Ambr\u00f3sio","twitter_misc":{"Escrito por":"J\u00e9ssica Ambr\u00f3sio","Est. tempo de leitura":"2 minutos"},"schema":{"@context":"https:\/\/schema.org","@graph":[{"@type":"WebPage","@id":"https:\/\/vaimenina.com.br\/blog\/cafe-da-manha-especial-ovo-de-coracao\/","url":"https:\/\/vaimenina.com.br\/blog\/cafe-da-manha-especial-ovo-de-coracao\/","name":"Caf\u00e9 da Manh\u00e3 Especial - Ovo de Cora\u00e7\u00e3o - Vai Menina","isPartOf":{"@id":"https:\/\/vaimenina.com.br\/blog\/#website"},"primaryImageOfPage":{"@id":"https:\/\/vaimenina.com.br\/blog\/cafe-da-manha-especial-ovo-de-coracao\/#primaryimage"},"image":{"@id":"https:\/\/vaimenina.com.br\/blog\/cafe-da-manha-especial-ovo-de-coracao\/#primaryimage"},"thumbnailUrl":"https:\/\/i0.wp.com\/vaimenina.com.br\/blog\/wp-content\/uploads\/2015\/03\/cafe-manha-especial-faca-voce-mesmo.jpg?fit=1800%2C1404&ssl=1","datePublished":"2015-03-26T15:06:07+00:00","dateModified":"2015-03-26T15:13:48+00:00","author":{"@id":"https:\/\/vaimenina.com.br\/blog\/#\/schema\/person\/1bb0854ebc4c892c2d934c1682a715e5"},"description":"Um caf\u00e9 da manh\u00e3 especial e f\u00e1cil de preparar. Com alimentos simples e muito carinho, surpreenda uma pessoa querida. B\u00f4nus: ovo de cora\u00e7\u00e3o no microondas.","breadcrumb":{"@id":"https:\/\/vaimenina.com.br\/blog\/cafe-da-manha-especial-ovo-de-coracao\/#breadcrumb"},"inLanguage":"pt-BR","potentialAction":[{"@type":"ReadAction","target":["https:\/\/vaimenina.com.br\/blog\/cafe-da-manha-especial-ovo-de-coracao\/"]}]},{"@type":"ImageObject","inLanguage":"pt-BR","@id":"https:\/\/vaimenina.com.br\/blog\/cafe-da-manha-especial-ovo-de-coracao\/#primaryimage","url":"https:\/\/i0.wp.com\/vaimenina.com.br\/blog\/wp-content\/uploads\/2015\/03\/cafe-manha-especial-faca-voce-mesmo.jpg?fit=1800%2C1404&ssl=1","contentUrl":"https:\/\/i0.wp.com\/vaimenina.com.br\/blog\/wp-content\/uploads\/2015\/03\/cafe-manha-especial-faca-voce-mesmo.jpg?fit=1800%2C1404&ssl=1","width":1800,"height":1404,"caption":"Caf\u00e9 da manh\u00e3 especial"},{"@type":"BreadcrumbList","@id":"https:\/\/vaimenina.com.br\/blog\/cafe-da-manha-especial-ovo-de-coracao\/#breadcrumb","itemListElement":[{"@type":"ListItem","position":1,"name":"In\u00edcio","item":"https:\/\/vaimenina.com.br\/blog\/"},{"@type":"ListItem","position":2,"name":"Caf\u00e9 da Manh\u00e3 Especial &#8211; Ovo de Cora\u00e7\u00e3o"}]},{"@type":"WebSite","@id":"https:\/\/vaimenina.com.br\/blog\/#website","url":"https:\/\/vaimenina.com.br\/blog\/","name":"Vai Menina","description":"Viagens, ballet, cabelo, comportamento e mais...","potentialAction":[{"@type":"SearchAction","target":{"@type":"EntryPoint","urlTemplate":"https:\/\/vaimenina.com.br\/blog\/?s={search_term_string}"},"query-input":{"@type":"PropertyValueSpecification","valueRequired":true,"valueName":"search_term_string"}}],"inLanguage":"pt-BR"},{"@type":"Person","@id":"https:\/\/vaimenina.com.br\/blog\/#\/schema\/person\/1bb0854ebc4c892c2d934c1682a715e5","name":"J\u00e9ssica Ambr\u00f3sio","image":{"@type":"ImageObject","inLanguage":"pt-BR","@id":"https:\/\/vaimenina.com.br\/blog\/#\/schema\/person\/image\/","url":"https:\/\/secure.gravatar.com\/avatar\/be6d47f8502242c8b858a32c7dfc6d39?s=96&d=mm&r=g","contentUrl":"https:\/\/secure.gravatar.com\/avatar\/be6d47f8502242c8b858a32c7dfc6d39?s=96&d=mm&r=g","caption":"J\u00e9ssica Ambr\u00f3sio"},"description":"Publicit\u00e1ria, bailarina e cacheada. Adoro escrever e estou descobrindo as del\u00edcias de viajar. Tudo no custo-ben\u00ea, claro.","sameAs":["http:\/\/vaimenina.com.br"],"url":"https:\/\/vaimenina.com.br\/blog\/author\/jeh-ambrosiogmail-com\/"}]}},"jetpack_featured_media_url":"https:\/\/i0.wp.com\/vaimenina.com.br\/blog\/wp-content\/uploads\/2015\/03\/cafe-manha-especial-faca-voce-mesmo.jpg?fit=1800%2C1404&ssl=1","jetpack_sharing_enabled":true,"jetpack_shortlink":"https:\/\/wp.me\/p5GGJf-k6","_links":{"self":[{"href":"https:\/\/vaimenina.com.br\/blog\/wp-json\/wp\/v2\/posts\/1246"}],"collection":[{"href":"https:\/\/vaimenina.com.br\/blog\/wp-json\/wp\/v2\/posts"}],"about":[{"href":"https:\/\/vaimenina.com.br\/blog\/wp-json\/wp\/v2\/types\/post"}],"author":[{"embeddable":true,"href":"https:\/\/vaimenina.com.br\/blog\/wp-json\/wp\/v2\/users\/1"}],"replies":[{"embeddable":true,"href":"https:\/\/vaimenina.com.br\/blog\/wp-json\/wp\/v2\/comments?post=1246"}],"version-history":[{"count":16,"href":"https:\/\/vaimenina.com.br\/blog\/wp-json\/wp\/v2\/posts\/1246\/revisions"}],"predecessor-version":[{"id":1279,"href":"https:\/\/vaimenina.com.br\/blog\/wp-json\/wp\/v2\/posts\/1246\/revisions\/1279"}],"wp:featuredmedia":[{"embeddable":true,"href":"https:\/\/vaimenina.com.br\/blog\/wp-json\/wp\/v2\/media\/1256"}],"wp:attachment":[{"href":"https:\/\/vaimenina.com.br\/blog\/wp-json\/wp\/v2\/media?parent=1246"}],"wp:term":[{"taxonomy":"category","embeddable":true,"href":"https:\/\/vaimenina.com.br\/blog\/wp-json\/wp\/v2\/categories?post=1246"},{"taxonomy":"post_tag","embeddable":true,"href":"https:\/\/vaimenina.com.br\/blog\/wp-json\/wp\/v2\/tags?post=1246"}],"curies":[{"name":"wp","href":"https:\/\/api.w.org\/{rel}","templated":true}]}}