{"id":1282,"date":"2015-04-07T08:36:27","date_gmt":"2015-04-07T11:36:27","guid":{"rendered":"http:\/\/vaimenina.com.br\/blog\/?p=1282"},"modified":"2015-04-07T08:37:57","modified_gmt":"2015-04-07T11:37:57","slug":"show-da-pitty-look-do-dia","status":"publish","type":"post","link":"https:\/\/vaimenina.com.br\/blog\/show-da-pitty-look-do-dia\/","title":{"rendered":"Show da Pitty + Look do Dia"},"content":{"rendered":"<div class=\"pntrst_main_before_after\"><div class=\"pntrst-button-wrap \" >\n\t\t\t\t\t\t\t<a  data-pin-do=\"buttonFollow\" href=\"https:\/\/www.pinterest.com\/vaimenina\/\">Follow me<\/a>\n\t\t\t\t\t\t<\/div><\/div><p>Oi gente, tudo certo por a\u00ed? Eu estou super feliz, e o t\u00edtulo do post j\u00e1 conta tudo n\u00e9: assisti a um <strong>show da Pitty<\/strong> ontem \ud83d\ude00<br \/>\nEu nunca fui f\u00e3 devotada de banda nenhuma. Tenho minhas preferidas, mas algumas delas nunca vieram para minha cidade, e eu tamb\u00e9m nunca sai daqui para ir a um\u00a0show. Fico nessa coisa plat\u00f4nica. Uma sorte foi ver que a princesa do rock nacional (rainha \u00e9 a Rita Lee) viria pra c\u00e1, e j\u00e1 corri pra comprar meu ingresso.\u00a0<a href=\"https:\/\/i0.wp.com\/vaimenina.com.br\/blog\/wp-content\/uploads\/2015\/04\/show-pitty.jpg\"><img data-recalc-dims=\"1\" loading=\"lazy\" decoding=\"async\" class=\"alignnone size-full wp-image-1378\" src=\"https:\/\/i0.wp.com\/vaimenina.com.br\/blog\/wp-content\/uploads\/2015\/04\/show-pitty.jpg?resize=1800%2C1350\" alt=\"look-show-da-pitty\" width=\"1800\" height=\"1350\" srcset=\"https:\/\/i0.wp.com\/vaimenina.com.br\/blog\/wp-content\/uploads\/2015\/04\/show-pitty.jpg?w=1800&amp;ssl=1 1800w, https:\/\/i0.wp.com\/vaimenina.com.br\/blog\/wp-content\/uploads\/2015\/04\/show-pitty.jpg?resize=300%2C225&amp;ssl=1 300w\" sizes=\"(max-width: 1000px) 100vw, 1000px\" \/><\/a><\/p>\n<p>Curti muito o show, dancei e cantei com m\u00fasicas que marcaram minha adolesc\u00eancia ao lado do boy e da irm\u00e3zinha &lt;3<br \/>\nO show \u00e9 da turn\u00ea <strong>Sete Vidas<\/strong>, mas ela tamb\u00e9m tocou v\u00e1rias antigas, como Admir\u00e1vel Chip Novo, M\u00e1scara, e Semana Que Vem, uma das minhas preferidas. Quando chegamos, a primeira banda j\u00e1 tinha terminado. A Pitty foi muito pontual, e depois dela curtimos o som da <strong>Banda Reverso<\/strong>, da cidade mesmo e que est\u00e1 fazendo muito sucesso. Eles tocaram covers nacionais e internacionais, parab\u00e9ns meninos!<\/p>\n<p><a href=\"https:\/\/i0.wp.com\/vaimenina.com.br\/blog\/wp-content\/uploads\/2015\/04\/show-pitty-prudente.jpg\"><img data-recalc-dims=\"1\" loading=\"lazy\" decoding=\"async\" class=\"alignnone size-full wp-image-1379\" src=\"https:\/\/i0.wp.com\/vaimenina.com.br\/blog\/wp-content\/uploads\/2015\/04\/show-pitty-prudente.jpg?resize=1800%2C1350\" alt=\"look-show-da-pitty-prudente\" width=\"1800\" height=\"1350\" srcset=\"https:\/\/i0.wp.com\/vaimenina.com.br\/blog\/wp-content\/uploads\/2015\/04\/show-pitty-prudente.jpg?w=1800&amp;ssl=1 1800w, https:\/\/i0.wp.com\/vaimenina.com.br\/blog\/wp-content\/uploads\/2015\/04\/show-pitty-prudente.jpg?resize=300%2C225&amp;ssl=1 300w\" sizes=\"(max-width: 1000px) 100vw, 1000px\" \/><\/a><\/p>\n<p>Montei meu look para o show pelo conforto, para poder pular sem me preocupar com roupa subindo ou p\u00e9 machucando. Pra isso, escolhi um vestido da Forever 21 que comprei ano passado e ainda n\u00e3o tinha usado, com suti\u00e3 de renda preto aparecendo na lateral, e um shortinho jeans por baixo. Em festas e locais muito movimentados, sempre fa\u00e7o isso, pois deixo o celular, documento, dinheiro e cart\u00e3o no bolso do short. N\u00e3o gosto muito de carregar bolsa, acho inseguro e me incomodo com ela batendo no corpo, al\u00e9m disso, o short da maior liberdade pra me movimentar. Marquei a cintura com um cinto fininho e o short nem apareceu. Finalizei com uma botinha (que eu tamb\u00e9m tinha comprado faz tempo e n\u00e3o usado ainda #shameonme). Coloquei uma meia mais grossa para garantir e deu tudo certo \ud83d\ude00<\/p>\n<p><a href=\"https:\/\/i0.wp.com\/vaimenina.com.br\/blog\/wp-content\/uploads\/2015\/04\/look-show-rock.jpg\"><img data-recalc-dims=\"1\" loading=\"lazy\" decoding=\"async\" class=\"alignnone size-full wp-image-1382\" src=\"https:\/\/i0.wp.com\/vaimenina.com.br\/blog\/wp-content\/uploads\/2015\/04\/look-show-rock.jpg?resize=1800%2C1622\" alt=\"look-show-rock\" width=\"1800\" height=\"1622\" srcset=\"https:\/\/i0.wp.com\/vaimenina.com.br\/blog\/wp-content\/uploads\/2015\/04\/look-show-rock.jpg?w=1800&amp;ssl=1 1800w, https:\/\/i0.wp.com\/vaimenina.com.br\/blog\/wp-content\/uploads\/2015\/04\/look-show-rock.jpg?resize=300%2C270&amp;ssl=1 300w\" sizes=\"(max-width: 1000px) 100vw, 1000px\" \/><\/a><\/p>\n<p>Na make, o destaque ficou para o batom. Eu sabia que ia passar calor, e fiquei com medo de um cremoso derreter, por isso fiquei com o matte Ballet da linha Dailus Pro (est\u00e3o pensando que eu comprei s\u00f3 pelo nome? pois saibam que teve grande peso na escolha hehe). N\u00e3o preparei pele, s\u00f3 passei corretivo e uma sombra escura para marcar os olhos. Assim pude me divertir muito, sem me preocupar se ia borrar alguma coisa.<\/p>\n<p><a href=\"https:\/\/i0.wp.com\/vaimenina.com.br\/blog\/wp-content\/uploads\/2015\/04\/look-show-da-pitty.jpg\"><img data-recalc-dims=\"1\" loading=\"lazy\" decoding=\"async\" class=\" size-full wp-image-1381 aligncenter\" src=\"https:\/\/i0.wp.com\/vaimenina.com.br\/blog\/wp-content\/uploads\/2015\/04\/look-show-da-pitty.jpg?resize=600%2C1494\" alt=\"look-show-da-pitty\" width=\"600\" height=\"1494\" srcset=\"https:\/\/i0.wp.com\/vaimenina.com.br\/blog\/wp-content\/uploads\/2015\/04\/look-show-da-pitty.jpg?w=600&amp;ssl=1 600w, https:\/\/i0.wp.com\/vaimenina.com.br\/blog\/wp-content\/uploads\/2015\/04\/look-show-da-pitty.jpg?resize=120%2C300&amp;ssl=1 120w\" sizes=\"(max-width: 600px) 100vw, 600px\" \/> <!--BEGIN HYPE WIDGET--><script src=\"http:\/\/ajax.googleapis.com\/ajax\/libs\/jquery\/1.6.2\/jquery.min.js\" type=\"text\/javascript\"><\/script><script src=\"http:\/\/lookbook.nu\/look\/widget\/7290448.js?include=hype&amp;size=medium&amp;style=button&amp;align=center\"><\/script><br \/>\n<\/a><\/p>\n<div id=\"hype_container_7290448\"><\/div>\n<p><!--END HYPE WIDGET--><\/p>\n<p>&nbsp;<\/p>\n<p>E foi isso pessoal. Se voc\u00ea tiver a oportunidade, v\u00e1 ao show da Pitty. Ela \u00e9 maravilhosa, vale muito a pena.<br \/>\nQue tipo de roupa voc\u00eas costumam usar em shows? Deixa um coment\u00e1rio, vamos conversar sobre isso \ud83d\ude42<br \/>\nBeijos, e at\u00e9 o pr\u00f3ximo post meus queridos.<\/p>\n<p>&nbsp;<\/p>\n<div class=\"pntrst_main_before_after\"><\/div>","protected":false},"excerpt":{"rendered":"<p>Follow me Oi gente, tudo certo por a\u00ed? Eu estou super feliz, e o t\u00edtulo do post j\u00e1 conta tudo n\u00e9: assisti a um show da Pitty ontem \ud83d\ude00 Eu nunca fui f\u00e3 devotada de banda nenhuma. Tenho minhas preferidas, mas algumas delas nunca vieram para minha cidade, e eu tamb\u00e9m nunca sai daqui para [&hellip;]<\/p>\n","protected":false},"author":1,"featured_media":1378,"comment_status":"open","ping_status":"open","sticky":false,"template":"","format":"standard","meta":{"_exactmetrics_skip_tracking":false,"_exactmetrics_sitenote_active":false,"_exactmetrics_sitenote_note":"","_exactmetrics_sitenote_category":0,"jetpack_post_was_ever_published":false,"_jetpack_newsletter_access":"","_jetpack_dont_email_post_to_subs":false,"_jetpack_newsletter_tier_id":0,"_jetpack_memberships_contains_paywalled_content":false,"_jetpack_memberships_contains_paid_content":false,"footnotes":"","jetpack_publicize_message":"","jetpack_publicize_feature_enabled":true,"jetpack_social_post_already_shared":true,"jetpack_social_options":{"image_generator_settings":{"template":"highway","enabled":false},"version":2}},"categories":[80],"tags":[73,76,103,104],"class_list":["post-1282","post","type-post","status-publish","format-standard","has-post-thumbnail","hentry","category-look","tag-look","tag-look-do-dia","tag-pitty","tag-show-da-pitty"],"jetpack_publicize_connections":[],"yoast_head":"<!-- This site is optimized with the Yoast SEO plugin v23.5 - https:\/\/yoast.com\/wordpress\/plugins\/seo\/ -->\n<title>Show da Pitty + Look do Dia - Vai Menina<\/title>\n<meta name=\"description\" content=\"Show da Pitty em Pres. Prudente. Vem conferir fotos da cantora e o look para show de rock que eu montei, com um truque para usar saia sem perder o conforto.\" \/>\n<meta name=\"robots\" content=\"index, follow, max-snippet:-1, max-image-preview:large, max-video-preview:-1\" \/>\n<link rel=\"canonical\" href=\"https:\/\/vaimenina.com.br\/blog\/show-da-pitty-look-do-dia\/\" \/>\n<meta property=\"og:locale\" content=\"pt_BR\" \/>\n<meta property=\"og:type\" content=\"article\" \/>\n<meta property=\"og:title\" content=\"Show da Pitty + Look do Dia - Vai Menina\" \/>\n<meta property=\"og:description\" content=\"Show da Pitty em Pres. Prudente. Vem conferir fotos da cantora e o look para show de rock que eu montei, com um truque para usar saia sem perder o conforto.\" \/>\n<meta property=\"og:url\" content=\"https:\/\/vaimenina.com.br\/blog\/show-da-pitty-look-do-dia\/\" \/>\n<meta property=\"og:site_name\" content=\"Vai Menina\" \/>\n<meta property=\"article:publisher\" content=\"https:\/\/www.facebook.com\/vaimenina\/\" \/>\n<meta property=\"article:published_time\" content=\"2015-04-07T11:36:27+00:00\" \/>\n<meta property=\"article:modified_time\" content=\"2015-04-07T11:37:57+00:00\" \/>\n<meta property=\"og:image\" content=\"https:\/\/i0.wp.com\/vaimenina.com.br\/blog\/wp-content\/uploads\/2015\/04\/show-pitty.jpg?fit=1800%2C1350&ssl=1\" \/>\n\t<meta property=\"og:image:width\" content=\"1800\" \/>\n\t<meta property=\"og:image:height\" content=\"1350\" \/>\n\t<meta property=\"og:image:type\" content=\"image\/jpeg\" \/>\n<meta name=\"author\" content=\"J\u00e9ssica Ambr\u00f3sio\" \/>\n<meta name=\"twitter:label1\" content=\"Escrito por\" \/>\n\t<meta name=\"twitter:data1\" content=\"J\u00e9ssica Ambr\u00f3sio\" \/>\n\t<meta name=\"twitter:label2\" content=\"Est. tempo de leitura\" \/>\n\t<meta name=\"twitter:data2\" content=\"2 minutos\" \/>\n<script type=\"application\/ld+json\" class=\"yoast-schema-graph\">{\"@context\":\"https:\/\/schema.org\",\"@graph\":[{\"@type\":\"WebPage\",\"@id\":\"https:\/\/vaimenina.com.br\/blog\/show-da-pitty-look-do-dia\/\",\"url\":\"https:\/\/vaimenina.com.br\/blog\/show-da-pitty-look-do-dia\/\",\"name\":\"Show da Pitty + Look do Dia - Vai Menina\",\"isPartOf\":{\"@id\":\"https:\/\/vaimenina.com.br\/blog\/#website\"},\"primaryImageOfPage\":{\"@id\":\"https:\/\/vaimenina.com.br\/blog\/show-da-pitty-look-do-dia\/#primaryimage\"},\"image\":{\"@id\":\"https:\/\/vaimenina.com.br\/blog\/show-da-pitty-look-do-dia\/#primaryimage\"},\"thumbnailUrl\":\"https:\/\/i0.wp.com\/vaimenina.com.br\/blog\/wp-content\/uploads\/2015\/04\/show-pitty.jpg?fit=1800%2C1350&ssl=1\",\"datePublished\":\"2015-04-07T11:36:27+00:00\",\"dateModified\":\"2015-04-07T11:37:57+00:00\",\"author\":{\"@id\":\"https:\/\/vaimenina.com.br\/blog\/#\/schema\/person\/1bb0854ebc4c892c2d934c1682a715e5\"},\"description\":\"Show da Pitty em Pres. Prudente. Vem conferir fotos da cantora e o look para show de rock que eu montei, com um truque para usar saia sem perder o conforto.\",\"breadcrumb\":{\"@id\":\"https:\/\/vaimenina.com.br\/blog\/show-da-pitty-look-do-dia\/#breadcrumb\"},\"inLanguage\":\"pt-BR\",\"potentialAction\":[{\"@type\":\"ReadAction\",\"target\":[\"https:\/\/vaimenina.com.br\/blog\/show-da-pitty-look-do-dia\/\"]}]},{\"@type\":\"ImageObject\",\"inLanguage\":\"pt-BR\",\"@id\":\"https:\/\/vaimenina.com.br\/blog\/show-da-pitty-look-do-dia\/#primaryimage\",\"url\":\"https:\/\/i0.wp.com\/vaimenina.com.br\/blog\/wp-content\/uploads\/2015\/04\/show-pitty.jpg?fit=1800%2C1350&ssl=1\",\"contentUrl\":\"https:\/\/i0.wp.com\/vaimenina.com.br\/blog\/wp-content\/uploads\/2015\/04\/show-pitty.jpg?fit=1800%2C1350&ssl=1\",\"width\":1800,\"height\":1350,\"caption\":\"look-show-da-pitty\"},{\"@type\":\"BreadcrumbList\",\"@id\":\"https:\/\/vaimenina.com.br\/blog\/show-da-pitty-look-do-dia\/#breadcrumb\",\"itemListElement\":[{\"@type\":\"ListItem\",\"position\":1,\"name\":\"In\u00edcio\",\"item\":\"https:\/\/vaimenina.com.br\/blog\/\"},{\"@type\":\"ListItem\",\"position\":2,\"name\":\"Show da Pitty + Look do Dia\"}]},{\"@type\":\"WebSite\",\"@id\":\"https:\/\/vaimenina.com.br\/blog\/#website\",\"url\":\"https:\/\/vaimenina.com.br\/blog\/\",\"name\":\"Vai Menina\",\"description\":\"Viagens, ballet, cabelo, comportamento e mais...\",\"potentialAction\":[{\"@type\":\"SearchAction\",\"target\":{\"@type\":\"EntryPoint\",\"urlTemplate\":\"https:\/\/vaimenina.com.br\/blog\/?s={search_term_string}\"},\"query-input\":{\"@type\":\"PropertyValueSpecification\",\"valueRequired\":true,\"valueName\":\"search_term_string\"}}],\"inLanguage\":\"pt-BR\"},{\"@type\":\"Person\",\"@id\":\"https:\/\/vaimenina.com.br\/blog\/#\/schema\/person\/1bb0854ebc4c892c2d934c1682a715e5\",\"name\":\"J\u00e9ssica Ambr\u00f3sio\",\"image\":{\"@type\":\"ImageObject\",\"inLanguage\":\"pt-BR\",\"@id\":\"https:\/\/vaimenina.com.br\/blog\/#\/schema\/person\/image\/\",\"url\":\"https:\/\/secure.gravatar.com\/avatar\/be6d47f8502242c8b858a32c7dfc6d39?s=96&d=mm&r=g\",\"contentUrl\":\"https:\/\/secure.gravatar.com\/avatar\/be6d47f8502242c8b858a32c7dfc6d39?s=96&d=mm&r=g\",\"caption\":\"J\u00e9ssica Ambr\u00f3sio\"},\"description\":\"Publicit\u00e1ria, bailarina e cacheada. Adoro escrever e estou descobrindo as del\u00edcias de viajar. Tudo no custo-ben\u00ea, claro.\",\"sameAs\":[\"http:\/\/vaimenina.com.br\"],\"url\":\"https:\/\/vaimenina.com.br\/blog\/author\/jeh-ambrosiogmail-com\/\"}]}<\/script>\n<!-- \/ Yoast SEO plugin. -->","yoast_head_json":{"title":"Show da Pitty + Look do Dia - Vai Menina","description":"Show da Pitty em Pres. Prudente. Vem conferir fotos da cantora e o look para show de rock que eu montei, com um truque para usar saia sem perder o conforto.","robots":{"index":"index","follow":"follow","max-snippet":"max-snippet:-1","max-image-preview":"max-image-preview:large","max-video-preview":"max-video-preview:-1"},"canonical":"https:\/\/vaimenina.com.br\/blog\/show-da-pitty-look-do-dia\/","og_locale":"pt_BR","og_type":"article","og_title":"Show da Pitty + Look do Dia - Vai Menina","og_description":"Show da Pitty em Pres. Prudente. Vem conferir fotos da cantora e o look para show de rock que eu montei, com um truque para usar saia sem perder o conforto.","og_url":"https:\/\/vaimenina.com.br\/blog\/show-da-pitty-look-do-dia\/","og_site_name":"Vai Menina","article_publisher":"https:\/\/www.facebook.com\/vaimenina\/","article_published_time":"2015-04-07T11:36:27+00:00","article_modified_time":"2015-04-07T11:37:57+00:00","og_image":[{"width":1800,"height":1350,"url":"https:\/\/i0.wp.com\/vaimenina.com.br\/blog\/wp-content\/uploads\/2015\/04\/show-pitty.jpg?fit=1800%2C1350&ssl=1","type":"image\/jpeg"}],"author":"J\u00e9ssica Ambr\u00f3sio","twitter_misc":{"Escrito por":"J\u00e9ssica Ambr\u00f3sio","Est. tempo de leitura":"2 minutos"},"schema":{"@context":"https:\/\/schema.org","@graph":[{"@type":"WebPage","@id":"https:\/\/vaimenina.com.br\/blog\/show-da-pitty-look-do-dia\/","url":"https:\/\/vaimenina.com.br\/blog\/show-da-pitty-look-do-dia\/","name":"Show da Pitty + Look do Dia - Vai Menina","isPartOf":{"@id":"https:\/\/vaimenina.com.br\/blog\/#website"},"primaryImageOfPage":{"@id":"https:\/\/vaimenina.com.br\/blog\/show-da-pitty-look-do-dia\/#primaryimage"},"image":{"@id":"https:\/\/vaimenina.com.br\/blog\/show-da-pitty-look-do-dia\/#primaryimage"},"thumbnailUrl":"https:\/\/i0.wp.com\/vaimenina.com.br\/blog\/wp-content\/uploads\/2015\/04\/show-pitty.jpg?fit=1800%2C1350&ssl=1","datePublished":"2015-04-07T11:36:27+00:00","dateModified":"2015-04-07T11:37:57+00:00","author":{"@id":"https:\/\/vaimenina.com.br\/blog\/#\/schema\/person\/1bb0854ebc4c892c2d934c1682a715e5"},"description":"Show da Pitty em Pres. Prudente. Vem conferir fotos da cantora e o look para show de rock que eu montei, com um truque para usar saia sem perder o conforto.","breadcrumb":{"@id":"https:\/\/vaimenina.com.br\/blog\/show-da-pitty-look-do-dia\/#breadcrumb"},"inLanguage":"pt-BR","potentialAction":[{"@type":"ReadAction","target":["https:\/\/vaimenina.com.br\/blog\/show-da-pitty-look-do-dia\/"]}]},{"@type":"ImageObject","inLanguage":"pt-BR","@id":"https:\/\/vaimenina.com.br\/blog\/show-da-pitty-look-do-dia\/#primaryimage","url":"https:\/\/i0.wp.com\/vaimenina.com.br\/blog\/wp-content\/uploads\/2015\/04\/show-pitty.jpg?fit=1800%2C1350&ssl=1","contentUrl":"https:\/\/i0.wp.com\/vaimenina.com.br\/blog\/wp-content\/uploads\/2015\/04\/show-pitty.jpg?fit=1800%2C1350&ssl=1","width":1800,"height":1350,"caption":"look-show-da-pitty"},{"@type":"BreadcrumbList","@id":"https:\/\/vaimenina.com.br\/blog\/show-da-pitty-look-do-dia\/#breadcrumb","itemListElement":[{"@type":"ListItem","position":1,"name":"In\u00edcio","item":"https:\/\/vaimenina.com.br\/blog\/"},{"@type":"ListItem","position":2,"name":"Show da Pitty + Look do Dia"}]},{"@type":"WebSite","@id":"https:\/\/vaimenina.com.br\/blog\/#website","url":"https:\/\/vaimenina.com.br\/blog\/","name":"Vai Menina","description":"Viagens, ballet, cabelo, comportamento e mais...","potentialAction":[{"@type":"SearchAction","target":{"@type":"EntryPoint","urlTemplate":"https:\/\/vaimenina.com.br\/blog\/?s={search_term_string}"},"query-input":{"@type":"PropertyValueSpecification","valueRequired":true,"valueName":"search_term_string"}}],"inLanguage":"pt-BR"},{"@type":"Person","@id":"https:\/\/vaimenina.com.br\/blog\/#\/schema\/person\/1bb0854ebc4c892c2d934c1682a715e5","name":"J\u00e9ssica Ambr\u00f3sio","image":{"@type":"ImageObject","inLanguage":"pt-BR","@id":"https:\/\/vaimenina.com.br\/blog\/#\/schema\/person\/image\/","url":"https:\/\/secure.gravatar.com\/avatar\/be6d47f8502242c8b858a32c7dfc6d39?s=96&d=mm&r=g","contentUrl":"https:\/\/secure.gravatar.com\/avatar\/be6d47f8502242c8b858a32c7dfc6d39?s=96&d=mm&r=g","caption":"J\u00e9ssica Ambr\u00f3sio"},"description":"Publicit\u00e1ria, bailarina e cacheada. Adoro escrever e estou descobrindo as del\u00edcias de viajar. Tudo no custo-ben\u00ea, claro.","sameAs":["http:\/\/vaimenina.com.br"],"url":"https:\/\/vaimenina.com.br\/blog\/author\/jeh-ambrosiogmail-com\/"}]}},"jetpack_featured_media_url":"https:\/\/i0.wp.com\/vaimenina.com.br\/blog\/wp-content\/uploads\/2015\/04\/show-pitty.jpg?fit=1800%2C1350&ssl=1","jetpack_sharing_enabled":true,"jetpack_shortlink":"https:\/\/wp.me\/p5GGJf-kG","_links":{"self":[{"href":"https:\/\/vaimenina.com.br\/blog\/wp-json\/wp\/v2\/posts\/1282"}],"collection":[{"href":"https:\/\/vaimenina.com.br\/blog\/wp-json\/wp\/v2\/posts"}],"about":[{"href":"https:\/\/vaimenina.com.br\/blog\/wp-json\/wp\/v2\/types\/post"}],"author":[{"embeddable":true,"href":"https:\/\/vaimenina.com.br\/blog\/wp-json\/wp\/v2\/users\/1"}],"replies":[{"embeddable":true,"href":"https:\/\/vaimenina.com.br\/blog\/wp-json\/wp\/v2\/comments?post=1282"}],"version-history":[{"count":14,"href":"https:\/\/vaimenina.com.br\/blog\/wp-json\/wp\/v2\/posts\/1282\/revisions"}],"predecessor-version":[{"id":1390,"href":"https:\/\/vaimenina.com.br\/blog\/wp-json\/wp\/v2\/posts\/1282\/revisions\/1390"}],"wp:featuredmedia":[{"embeddable":true,"href":"https:\/\/vaimenina.com.br\/blog\/wp-json\/wp\/v2\/media\/1378"}],"wp:attachment":[{"href":"https:\/\/vaimenina.com.br\/blog\/wp-json\/wp\/v2\/media?parent=1282"}],"wp:term":[{"taxonomy":"category","embeddable":true,"href":"https:\/\/vaimenina.com.br\/blog\/wp-json\/wp\/v2\/categories?post=1282"},{"taxonomy":"post_tag","embeddable":true,"href":"https:\/\/vaimenina.com.br\/blog\/wp-json\/wp\/v2\/tags?post=1282"}],"curies":[{"name":"wp","href":"https:\/\/api.w.org\/{rel}","templated":true}]}}