{"id":1659,"date":"2015-07-17T13:14:40","date_gmt":"2015-07-17T16:14:40","guid":{"rendered":"http:\/\/vaimenina.com.br\/blog\/?p=1659"},"modified":"2016-03-30T00:30:18","modified_gmt":"2016-03-30T03:30:18","slug":"dancar-de-cabelo-solto-mostra-de-danca","status":"publish","type":"post","link":"https:\/\/vaimenina.com.br\/blog\/dancar-de-cabelo-solto-mostra-de-danca\/","title":{"rendered":"Dan\u00e7ar de cabelo solto &#8211; Mostra de Dan\u00e7a"},"content":{"rendered":"<div class=\"pntrst_main_before_after\"><div class=\"pntrst-button-wrap \" >\n\t\t\t\t\t\t\t<a  data-pin-do=\"buttonFollow\" href=\"https:\/\/www.pinterest.com\/vaimenina\/\">Follow me<\/a>\n\t\t\t\t\t\t<\/div><\/div><p>Hoje eu vim compartilhar minha experi\u00eancia em dan\u00e7ar de cabelo solto. Se voc\u00ea \u00e9 bailarina, cacheada ou interessada nesses assuntos, fica por aqui. Se voc\u00ea n\u00e3o gosta&#8230;\u00a0Fica tamb\u00e9m porque tem uma make baf\u00f4nica com glitter dourado e batom pink!<\/p>\n<figure id=\"attachment_1668\" aria-describedby=\"caption-attachment-1668\" style=\"width: 1800px\" class=\"wp-caption alignnone\"><a href=\"https:\/\/i0.wp.com\/vaimenina.com.br\/blog\/wp-content\/uploads\/2015\/07\/dancar-cabelo-solto.jpg\"><img data-recalc-dims=\"1\" loading=\"lazy\" decoding=\"async\" class=\"size-full wp-image-1668\" src=\"https:\/\/i0.wp.com\/vaimenina.com.br\/blog\/wp-content\/uploads\/2015\/07\/dancar-cabelo-solto.jpg?resize=1800%2C1019\" alt=\"dancar-cabelo-solto\" width=\"1800\" height=\"1019\" srcset=\"https:\/\/i0.wp.com\/vaimenina.com.br\/blog\/wp-content\/uploads\/2015\/07\/dancar-cabelo-solto.jpg?w=1800&amp;ssl=1 1800w, https:\/\/i0.wp.com\/vaimenina.com.br\/blog\/wp-content\/uploads\/2015\/07\/dancar-cabelo-solto.jpg?resize=300%2C170&amp;ssl=1 300w\" sizes=\"(max-width: 1000px) 100vw, 1000px\" \/><\/a><figcaption id=\"caption-attachment-1668\" class=\"wp-caption-text\">Foto: Bruno Fernandes<\/figcaption><\/figure>\n<p>Hoje recebi um coment\u00e1rio no blog da Karina, perguntando se cabelo curto atrapalha no <a href=\"http:\/\/vaimenina.com.br\/blog\/category\/ballet-2\/\" target=\"_blank\"><strong>ballet<\/strong><\/a>. Eu respondi que n\u00e3o, contei que quando fiz meu <strong><a title=\"Meu Big Chop\" href=\"http:\/\/vaimenina.com.br\/blog\/meu-big-chop\/\" target=\"_blank\">Big Chop<\/a><\/strong> usava solto, e escrevendo para ela me lembrei que ainda n\u00e3o contei aqui da <strong>Mostra de Dan\u00e7a<\/strong> que rolou m\u00eas passado, quando precisei <strong>dan\u00e7ar\u00a0de cabelo solto<\/strong>. Resolvi ent\u00e3o\u00a0compartilhar a experi\u00eancia e as fotos lindas para matar a saudade, j\u00e1 que estamos de f\u00e9rias.<\/p>\n<figure id=\"attachment_1665\" aria-describedby=\"caption-attachment-1665\" style=\"width: 1800px\" class=\"wp-caption alignnone\"><img data-recalc-dims=\"1\" loading=\"lazy\" decoding=\"async\" class=\"wp-image-1665 size-full\" src=\"https:\/\/i0.wp.com\/vaimenina.com.br\/blog\/wp-content\/uploads\/2015\/07\/mostra-de-danca-ballet-adulto.jpg?resize=1800%2C1110\" alt=\"mostra-de-danca-ballet-adulto\" width=\"1800\" height=\"1110\" srcset=\"https:\/\/i0.wp.com\/vaimenina.com.br\/blog\/wp-content\/uploads\/2015\/07\/mostra-de-danca-ballet-adulto.jpg?w=1800&amp;ssl=1 1800w, https:\/\/i0.wp.com\/vaimenina.com.br\/blog\/wp-content\/uploads\/2015\/07\/mostra-de-danca-ballet-adulto.jpg?resize=300%2C185&amp;ssl=1 300w\" sizes=\"(max-width: 1000px) 100vw, 1000px\" \/><figcaption id=\"caption-attachment-1665\" class=\"wp-caption-text\">Bianca, Ana Paula, Luciana, Beatriz, L\u00edvia, Bruna, Thais e prof\u00aa Tamara.<\/figcaption><\/figure>\n<p>Nossa coreografia se chama Liz, e \u00e9 um <strong>ballet moderno<\/strong>. Foi decidido que os cabelos ficariam em um meio preso, para dar um balan\u00e7o legal e P\u00c2NICO! Eu ainda n\u00e3o consigo fazer esse penteado, e obviamente meu cabelo n\u00e3o teria o balan\u00e7o das outras meninas. <em>Comofas?<\/em>\u00a0Bom, minha professora \u00e9 muito aberta, para voc\u00eas terem ideia, as cores\u00a0do figurino e a escolha da m\u00fasica foi\u00a0feita em consenso conosco\u00a0#democracia. Quando contei desse medo, resolvemos\u00a0que eu faria um black, usando o arranjo de flores do figurino na lateral. Sim, dan\u00e7ar <strong>ballet de black power<\/strong>!<\/p>\n<p>Confesso que dan\u00e7ar de cabelo solto me parecia estranho, a coreografia tem saltos e movimentos r\u00e1pidos, e achei que ia ficar tudo bagun\u00e7ado. Para garantir, lavei a cabe\u00e7a nos dois dias de apresenta\u00e7\u00e3o e finalizei com um gel de fixa\u00e7\u00e3o forte e grampos em pontos estrat\u00e9gicos, para manter a parte da franja no lugar e deu tudo certo.<\/p>\n<p>A maquiagem \u00e9 cria\u00e7\u00e3o da <a href=\"https:\/\/www.facebook.com\/livia.castaldelli\" target=\"_blank\">L\u00edvia<\/a>, bailarina da turma. Ela \u00e9 maquiadora e criou exclusivamente para a apresenta\u00e7\u00e3o, al\u00e9m de fazer em todas as meninas. Obrigada, Li! Ah, meninas de Araras &#8211; SP, ela acaba de se mudar pra\u00ed, podem procurar para makes arrasadores \ud83d\ude42<\/p>\n<p><a href=\"https:\/\/i0.wp.com\/vaimenina.com.br\/blog\/wp-content\/uploads\/2015\/07\/bailarina-cabelo-cacheado-curto.jpg\"><img data-recalc-dims=\"1\" loading=\"lazy\" decoding=\"async\" class=\"alignnone size-full wp-image-1667\" src=\"https:\/\/i0.wp.com\/vaimenina.com.br\/blog\/wp-content\/uploads\/2015\/07\/bailarina-cabelo-cacheado-curto.jpg?resize=1800%2C1019\" alt=\"bailarina-cabelo-cacheado-curto\" width=\"1800\" height=\"1019\" srcset=\"https:\/\/i0.wp.com\/vaimenina.com.br\/blog\/wp-content\/uploads\/2015\/07\/bailarina-cabelo-cacheado-curto.jpg?w=1800&amp;ssl=1 1800w, https:\/\/i0.wp.com\/vaimenina.com.br\/blog\/wp-content\/uploads\/2015\/07\/bailarina-cabelo-cacheado-curto.jpg?resize=300%2C170&amp;ssl=1 300w\" sizes=\"(max-width: 1000px) 100vw, 1000px\" \/><\/a><\/p>\n<p>E \u00e9 isso, pessoal! Espero que a solu\u00e7\u00e3o possa ajudar outras bailarinas e professores de crespas e cacheadas.<\/p>\n<p>Beijos, e obrigada pela leitura. At\u00e9 mais!<\/p>\n<div class=\"pntrst_main_before_after\"><\/div>","protected":false},"excerpt":{"rendered":"<p>Follow me Hoje eu vim compartilhar minha experi\u00eancia em dan\u00e7ar de cabelo solto. Se voc\u00ea \u00e9 bailarina, cacheada ou interessada nesses assuntos, fica por aqui. Se voc\u00ea n\u00e3o gosta&#8230;\u00a0Fica tamb\u00e9m porque tem uma make baf\u00f4nica com glitter dourado e batom pink! Hoje recebi um coment\u00e1rio no blog da Karina, perguntando se cabelo curto atrapalha no [&hellip;]<\/p>\n","protected":false},"author":1,"featured_media":2740,"comment_status":"open","ping_status":"open","sticky":false,"template":"","format":"standard","meta":{"_exactmetrics_skip_tracking":false,"_exactmetrics_sitenote_active":false,"_exactmetrics_sitenote_note":"","_exactmetrics_sitenote_category":0,"jetpack_post_was_ever_published":false,"_jetpack_newsletter_access":"","_jetpack_dont_email_post_to_subs":false,"_jetpack_newsletter_tier_id":0,"_jetpack_memberships_contains_paywalled_content":false,"_jetpack_memberships_contains_paid_content":false,"footnotes":"","jetpack_publicize_message":"","jetpack_publicize_feature_enabled":true,"jetpack_social_post_already_shared":true,"jetpack_social_options":{"image_generator_settings":{"template":"highway","enabled":false},"version":2}},"categories":[2],"tags":[17,65,21,22,23],"class_list":["post-1659","post","type-post","status-publish","format-standard","has-post-thumbnail","hentry","category-ballet-2","tag-ballet","tag-ballet-adulto","tag-cabelo-cacheado","tag-cabelo-crespo","tag-cabelo-natural"],"jetpack_publicize_connections":[],"yoast_head":"<!-- This site is optimized with the Yoast SEO plugin v23.5 - https:\/\/yoast.com\/wordpress\/plugins\/seo\/ -->\n<title>Dan\u00e7ar de cabelo solto - Mostra de Dan\u00e7a - Vai Menina<\/title>\n<meta name=\"description\" content=\"Bailarina de cabelo crespo, cacheado e curto n\u00e3o precisa usar s\u00f3 coque! Eu dancei de black power, e te garanto que dan\u00e7ar de cabelo solto fica lindo!\" \/>\n<meta name=\"robots\" content=\"index, follow, max-snippet:-1, max-image-preview:large, max-video-preview:-1\" \/>\n<link rel=\"canonical\" href=\"https:\/\/vaimenina.com.br\/blog\/dancar-de-cabelo-solto-mostra-de-danca\/\" \/>\n<meta property=\"og:locale\" content=\"pt_BR\" \/>\n<meta property=\"og:type\" content=\"article\" \/>\n<meta property=\"og:title\" content=\"Dan\u00e7ar de cabelo solto - Mostra de Dan\u00e7a - Vai Menina\" \/>\n<meta property=\"og:description\" content=\"Bailarina de cabelo crespo, cacheado e curto n\u00e3o precisa usar s\u00f3 coque! Eu dancei de black power, e te garanto que dan\u00e7ar de cabelo solto fica lindo!\" \/>\n<meta property=\"og:url\" content=\"https:\/\/vaimenina.com.br\/blog\/dancar-de-cabelo-solto-mostra-de-danca\/\" \/>\n<meta property=\"og:site_name\" content=\"Vai Menina\" \/>\n<meta property=\"article:publisher\" content=\"https:\/\/www.facebook.com\/vaimenina\/\" \/>\n<meta property=\"article:published_time\" content=\"2015-07-17T16:14:40+00:00\" \/>\n<meta property=\"article:modified_time\" content=\"2016-03-30T03:30:18+00:00\" \/>\n<meta property=\"og:image\" content=\"https:\/\/i0.wp.com\/vaimenina.com.br\/blog\/wp-content\/uploads\/2015\/07\/dancar-cabelo-solto-ballet-adulto.jpg?fit=1080%2C600&ssl=1\" \/>\n\t<meta property=\"og:image:width\" content=\"1080\" \/>\n\t<meta property=\"og:image:height\" content=\"600\" \/>\n\t<meta property=\"og:image:type\" content=\"image\/jpeg\" \/>\n<meta name=\"author\" content=\"J\u00e9ssica Ambr\u00f3sio\" \/>\n<meta name=\"twitter:label1\" content=\"Escrito por\" \/>\n\t<meta name=\"twitter:data1\" content=\"J\u00e9ssica Ambr\u00f3sio\" \/>\n\t<meta name=\"twitter:label2\" content=\"Est. tempo de leitura\" \/>\n\t<meta name=\"twitter:data2\" content=\"2 minutos\" \/>\n<script type=\"application\/ld+json\" class=\"yoast-schema-graph\">{\"@context\":\"https:\/\/schema.org\",\"@graph\":[{\"@type\":\"WebPage\",\"@id\":\"https:\/\/vaimenina.com.br\/blog\/dancar-de-cabelo-solto-mostra-de-danca\/\",\"url\":\"https:\/\/vaimenina.com.br\/blog\/dancar-de-cabelo-solto-mostra-de-danca\/\",\"name\":\"Dan\u00e7ar de cabelo solto - Mostra de Dan\u00e7a - Vai Menina\",\"isPartOf\":{\"@id\":\"https:\/\/vaimenina.com.br\/blog\/#website\"},\"primaryImageOfPage\":{\"@id\":\"https:\/\/vaimenina.com.br\/blog\/dancar-de-cabelo-solto-mostra-de-danca\/#primaryimage\"},\"image\":{\"@id\":\"https:\/\/vaimenina.com.br\/blog\/dancar-de-cabelo-solto-mostra-de-danca\/#primaryimage\"},\"thumbnailUrl\":\"https:\/\/i0.wp.com\/vaimenina.com.br\/blog\/wp-content\/uploads\/2015\/07\/dancar-cabelo-solto-ballet-adulto.jpg?fit=1080%2C600&ssl=1\",\"datePublished\":\"2015-07-17T16:14:40+00:00\",\"dateModified\":\"2016-03-30T03:30:18+00:00\",\"author\":{\"@id\":\"https:\/\/vaimenina.com.br\/blog\/#\/schema\/person\/1bb0854ebc4c892c2d934c1682a715e5\"},\"description\":\"Bailarina de cabelo crespo, cacheado e curto n\u00e3o precisa usar s\u00f3 coque! Eu dancei de black power, e te garanto que dan\u00e7ar de cabelo solto fica lindo!\",\"breadcrumb\":{\"@id\":\"https:\/\/vaimenina.com.br\/blog\/dancar-de-cabelo-solto-mostra-de-danca\/#breadcrumb\"},\"inLanguage\":\"pt-BR\",\"potentialAction\":[{\"@type\":\"ReadAction\",\"target\":[\"https:\/\/vaimenina.com.br\/blog\/dancar-de-cabelo-solto-mostra-de-danca\/\"]}]},{\"@type\":\"ImageObject\",\"inLanguage\":\"pt-BR\",\"@id\":\"https:\/\/vaimenina.com.br\/blog\/dancar-de-cabelo-solto-mostra-de-danca\/#primaryimage\",\"url\":\"https:\/\/i0.wp.com\/vaimenina.com.br\/blog\/wp-content\/uploads\/2015\/07\/dancar-cabelo-solto-ballet-adulto.jpg?fit=1080%2C600&ssl=1\",\"contentUrl\":\"https:\/\/i0.wp.com\/vaimenina.com.br\/blog\/wp-content\/uploads\/2015\/07\/dancar-cabelo-solto-ballet-adulto.jpg?fit=1080%2C600&ssl=1\",\"width\":1080,\"height\":600,\"caption\":\"dancar-cabelo-solto-ballet-adulto\"},{\"@type\":\"BreadcrumbList\",\"@id\":\"https:\/\/vaimenina.com.br\/blog\/dancar-de-cabelo-solto-mostra-de-danca\/#breadcrumb\",\"itemListElement\":[{\"@type\":\"ListItem\",\"position\":1,\"name\":\"In\u00edcio\",\"item\":\"https:\/\/vaimenina.com.br\/blog\/\"},{\"@type\":\"ListItem\",\"position\":2,\"name\":\"Dan\u00e7ar de cabelo solto &#8211; Mostra de Dan\u00e7a\"}]},{\"@type\":\"WebSite\",\"@id\":\"https:\/\/vaimenina.com.br\/blog\/#website\",\"url\":\"https:\/\/vaimenina.com.br\/blog\/\",\"name\":\"Vai Menina\",\"description\":\"Viagens, ballet, cabelo, comportamento e mais...\",\"potentialAction\":[{\"@type\":\"SearchAction\",\"target\":{\"@type\":\"EntryPoint\",\"urlTemplate\":\"https:\/\/vaimenina.com.br\/blog\/?s={search_term_string}\"},\"query-input\":{\"@type\":\"PropertyValueSpecification\",\"valueRequired\":true,\"valueName\":\"search_term_string\"}}],\"inLanguage\":\"pt-BR\"},{\"@type\":\"Person\",\"@id\":\"https:\/\/vaimenina.com.br\/blog\/#\/schema\/person\/1bb0854ebc4c892c2d934c1682a715e5\",\"name\":\"J\u00e9ssica Ambr\u00f3sio\",\"image\":{\"@type\":\"ImageObject\",\"inLanguage\":\"pt-BR\",\"@id\":\"https:\/\/vaimenina.com.br\/blog\/#\/schema\/person\/image\/\",\"url\":\"https:\/\/secure.gravatar.com\/avatar\/be6d47f8502242c8b858a32c7dfc6d39?s=96&d=mm&r=g\",\"contentUrl\":\"https:\/\/secure.gravatar.com\/avatar\/be6d47f8502242c8b858a32c7dfc6d39?s=96&d=mm&r=g\",\"caption\":\"J\u00e9ssica Ambr\u00f3sio\"},\"description\":\"Publicit\u00e1ria, bailarina e cacheada. Adoro escrever e estou descobrindo as del\u00edcias de viajar. Tudo no custo-ben\u00ea, claro.\",\"sameAs\":[\"http:\/\/vaimenina.com.br\"],\"url\":\"https:\/\/vaimenina.com.br\/blog\/author\/jeh-ambrosiogmail-com\/\"}]}<\/script>\n<!-- \/ Yoast SEO plugin. -->","yoast_head_json":{"title":"Dan\u00e7ar de cabelo solto - Mostra de Dan\u00e7a - Vai Menina","description":"Bailarina de cabelo crespo, cacheado e curto n\u00e3o precisa usar s\u00f3 coque! Eu dancei de black power, e te garanto que dan\u00e7ar de cabelo solto fica lindo!","robots":{"index":"index","follow":"follow","max-snippet":"max-snippet:-1","max-image-preview":"max-image-preview:large","max-video-preview":"max-video-preview:-1"},"canonical":"https:\/\/vaimenina.com.br\/blog\/dancar-de-cabelo-solto-mostra-de-danca\/","og_locale":"pt_BR","og_type":"article","og_title":"Dan\u00e7ar de cabelo solto - Mostra de Dan\u00e7a - Vai Menina","og_description":"Bailarina de cabelo crespo, cacheado e curto n\u00e3o precisa usar s\u00f3 coque! Eu dancei de black power, e te garanto que dan\u00e7ar de cabelo solto fica lindo!","og_url":"https:\/\/vaimenina.com.br\/blog\/dancar-de-cabelo-solto-mostra-de-danca\/","og_site_name":"Vai Menina","article_publisher":"https:\/\/www.facebook.com\/vaimenina\/","article_published_time":"2015-07-17T16:14:40+00:00","article_modified_time":"2016-03-30T03:30:18+00:00","og_image":[{"width":1080,"height":600,"url":"https:\/\/i0.wp.com\/vaimenina.com.br\/blog\/wp-content\/uploads\/2015\/07\/dancar-cabelo-solto-ballet-adulto.jpg?fit=1080%2C600&ssl=1","type":"image\/jpeg"}],"author":"J\u00e9ssica Ambr\u00f3sio","twitter_misc":{"Escrito por":"J\u00e9ssica Ambr\u00f3sio","Est. tempo de leitura":"2 minutos"},"schema":{"@context":"https:\/\/schema.org","@graph":[{"@type":"WebPage","@id":"https:\/\/vaimenina.com.br\/blog\/dancar-de-cabelo-solto-mostra-de-danca\/","url":"https:\/\/vaimenina.com.br\/blog\/dancar-de-cabelo-solto-mostra-de-danca\/","name":"Dan\u00e7ar de cabelo solto - Mostra de Dan\u00e7a - Vai Menina","isPartOf":{"@id":"https:\/\/vaimenina.com.br\/blog\/#website"},"primaryImageOfPage":{"@id":"https:\/\/vaimenina.com.br\/blog\/dancar-de-cabelo-solto-mostra-de-danca\/#primaryimage"},"image":{"@id":"https:\/\/vaimenina.com.br\/blog\/dancar-de-cabelo-solto-mostra-de-danca\/#primaryimage"},"thumbnailUrl":"https:\/\/i0.wp.com\/vaimenina.com.br\/blog\/wp-content\/uploads\/2015\/07\/dancar-cabelo-solto-ballet-adulto.jpg?fit=1080%2C600&ssl=1","datePublished":"2015-07-17T16:14:40+00:00","dateModified":"2016-03-30T03:30:18+00:00","author":{"@id":"https:\/\/vaimenina.com.br\/blog\/#\/schema\/person\/1bb0854ebc4c892c2d934c1682a715e5"},"description":"Bailarina de cabelo crespo, cacheado e curto n\u00e3o precisa usar s\u00f3 coque! Eu dancei de black power, e te garanto que dan\u00e7ar de cabelo solto fica lindo!","breadcrumb":{"@id":"https:\/\/vaimenina.com.br\/blog\/dancar-de-cabelo-solto-mostra-de-danca\/#breadcrumb"},"inLanguage":"pt-BR","potentialAction":[{"@type":"ReadAction","target":["https:\/\/vaimenina.com.br\/blog\/dancar-de-cabelo-solto-mostra-de-danca\/"]}]},{"@type":"ImageObject","inLanguage":"pt-BR","@id":"https:\/\/vaimenina.com.br\/blog\/dancar-de-cabelo-solto-mostra-de-danca\/#primaryimage","url":"https:\/\/i0.wp.com\/vaimenina.com.br\/blog\/wp-content\/uploads\/2015\/07\/dancar-cabelo-solto-ballet-adulto.jpg?fit=1080%2C600&ssl=1","contentUrl":"https:\/\/i0.wp.com\/vaimenina.com.br\/blog\/wp-content\/uploads\/2015\/07\/dancar-cabelo-solto-ballet-adulto.jpg?fit=1080%2C600&ssl=1","width":1080,"height":600,"caption":"dancar-cabelo-solto-ballet-adulto"},{"@type":"BreadcrumbList","@id":"https:\/\/vaimenina.com.br\/blog\/dancar-de-cabelo-solto-mostra-de-danca\/#breadcrumb","itemListElement":[{"@type":"ListItem","position":1,"name":"In\u00edcio","item":"https:\/\/vaimenina.com.br\/blog\/"},{"@type":"ListItem","position":2,"name":"Dan\u00e7ar de cabelo solto &#8211; Mostra de Dan\u00e7a"}]},{"@type":"WebSite","@id":"https:\/\/vaimenina.com.br\/blog\/#website","url":"https:\/\/vaimenina.com.br\/blog\/","name":"Vai Menina","description":"Viagens, ballet, cabelo, comportamento e mais...","potentialAction":[{"@type":"SearchAction","target":{"@type":"EntryPoint","urlTemplate":"https:\/\/vaimenina.com.br\/blog\/?s={search_term_string}"},"query-input":{"@type":"PropertyValueSpecification","valueRequired":true,"valueName":"search_term_string"}}],"inLanguage":"pt-BR"},{"@type":"Person","@id":"https:\/\/vaimenina.com.br\/blog\/#\/schema\/person\/1bb0854ebc4c892c2d934c1682a715e5","name":"J\u00e9ssica Ambr\u00f3sio","image":{"@type":"ImageObject","inLanguage":"pt-BR","@id":"https:\/\/vaimenina.com.br\/blog\/#\/schema\/person\/image\/","url":"https:\/\/secure.gravatar.com\/avatar\/be6d47f8502242c8b858a32c7dfc6d39?s=96&d=mm&r=g","contentUrl":"https:\/\/secure.gravatar.com\/avatar\/be6d47f8502242c8b858a32c7dfc6d39?s=96&d=mm&r=g","caption":"J\u00e9ssica Ambr\u00f3sio"},"description":"Publicit\u00e1ria, bailarina e cacheada. Adoro escrever e estou descobrindo as del\u00edcias de viajar. Tudo no custo-ben\u00ea, claro.","sameAs":["http:\/\/vaimenina.com.br"],"url":"https:\/\/vaimenina.com.br\/blog\/author\/jeh-ambrosiogmail-com\/"}]}},"jetpack_featured_media_url":"https:\/\/i0.wp.com\/vaimenina.com.br\/blog\/wp-content\/uploads\/2015\/07\/dancar-cabelo-solto-ballet-adulto.jpg?fit=1080%2C600&ssl=1","jetpack_sharing_enabled":true,"jetpack_shortlink":"https:\/\/wp.me\/p5GGJf-qL","_links":{"self":[{"href":"https:\/\/vaimenina.com.br\/blog\/wp-json\/wp\/v2\/posts\/1659"}],"collection":[{"href":"https:\/\/vaimenina.com.br\/blog\/wp-json\/wp\/v2\/posts"}],"about":[{"href":"https:\/\/vaimenina.com.br\/blog\/wp-json\/wp\/v2\/types\/post"}],"author":[{"embeddable":true,"href":"https:\/\/vaimenina.com.br\/blog\/wp-json\/wp\/v2\/users\/1"}],"replies":[{"embeddable":true,"href":"https:\/\/vaimenina.com.br\/blog\/wp-json\/wp\/v2\/comments?post=1659"}],"version-history":[{"count":10,"href":"https:\/\/vaimenina.com.br\/blog\/wp-json\/wp\/v2\/posts\/1659\/revisions"}],"predecessor-version":[{"id":1682,"href":"https:\/\/vaimenina.com.br\/blog\/wp-json\/wp\/v2\/posts\/1659\/revisions\/1682"}],"wp:featuredmedia":[{"embeddable":true,"href":"https:\/\/vaimenina.com.br\/blog\/wp-json\/wp\/v2\/media\/2740"}],"wp:attachment":[{"href":"https:\/\/vaimenina.com.br\/blog\/wp-json\/wp\/v2\/media?parent=1659"}],"wp:term":[{"taxonomy":"category","embeddable":true,"href":"https:\/\/vaimenina.com.br\/blog\/wp-json\/wp\/v2\/categories?post=1659"},{"taxonomy":"post_tag","embeddable":true,"href":"https:\/\/vaimenina.com.br\/blog\/wp-json\/wp\/v2\/tags?post=1659"}],"curies":[{"name":"wp","href":"https:\/\/api.w.org\/{rel}","templated":true}]}}