{"id":1692,"date":"2015-07-28T21:13:42","date_gmt":"2015-07-29T00:13:42","guid":{"rendered":"http:\/\/vaimenina.com.br\/blog\/?p=1692"},"modified":"2015-07-28T22:14:55","modified_gmt":"2015-07-29T01:14:55","slug":"o-que-aprendi-com-22-anos-auto-confianca","status":"publish","type":"post","link":"https:\/\/vaimenina.com.br\/blog\/o-que-aprendi-com-22-anos-auto-confianca\/","title":{"rendered":"O que aprendi com 22 anos: auto-confian\u00e7a"},"content":{"rendered":"<div class=\"pntrst_main_before_after\"><div class=\"pntrst-button-wrap \" >\n\t\t\t\t\t\t\t<a  data-pin-do=\"buttonFollow\" href=\"https:\/\/www.pinterest.com\/vaimenina\/\">Follow me<\/a>\n\t\t\t\t\t\t<\/div><\/div><p>&nbsp;<\/p>\n<p>Oi 23! Esse \u00e9 o primeiro post\u00a0na nova idade, e mais que um resumo dos \u00faltimos 12 meses, quero falar sobre <strong>o que aprendi com\u00a022 anos<\/strong>.<\/p>\n<p><img data-recalc-dims=\"1\" loading=\"lazy\" decoding=\"async\" class=\"alignnone size-full wp-image-1716\" src=\"https:\/\/i0.wp.com\/vaimenina.com.br\/blog\/wp-content\/uploads\/2015\/07\/auto-confian\u00e7a-o-que-aprendi-com-22-anos.jpg?resize=1800%2C1019\" alt=\"auto-confian\u00e7a-o-que-aprendi-com-22-anos\" width=\"1800\" height=\"1019\" srcset=\"https:\/\/i0.wp.com\/vaimenina.com.br\/blog\/wp-content\/uploads\/2015\/07\/auto-confian\u00e7a-o-que-aprendi-com-22-anos.jpg?w=1800&amp;ssl=1 1800w, https:\/\/i0.wp.com\/vaimenina.com.br\/blog\/wp-content\/uploads\/2015\/07\/auto-confian\u00e7a-o-que-aprendi-com-22-anos.jpg?resize=300%2C170&amp;ssl=1 300w\" sizes=\"(max-width: 1000px) 100vw, 1000px\" \/><\/p>\n<p>Para mim, 22 foi a idade da <strong>auto-confian\u00e7a<\/strong>. Precisei acreditar na minha capacidade de resolver problemas, cumprir tarefas e criar coisas novas.<br \/>\nFazendo um balan\u00e7o do ano que passou, refleti bastante e percebi que evolui bastante nisso de acreditar em mim. Por isso, trouxe pra c\u00e1 essa reflex\u00e3o,\u00a0pois acho que muita gente (e de todas as idades) pode precisar de uma boa dose de auto-confian\u00e7a.<\/p>\n<p>Com 22 eu me arrisquei. Nunca trabalhei tanto quanto nesse \u00faltimo ano, entre firma e projetos pessoais (oi blog!), mas tamb\u00e9m nunca me senti t\u00e3o realizada. O desafio de se provar boa o suficiente \u00e9 um combust\u00edvel poderoso. Aprendi que se algu\u00e9m acredita em voc\u00ea, mesmo que voc\u00ea n\u00e3o tenha tanta certeza, precisa dar uma chance ao ser incr\u00edvel que o outro te enxergou. Na maioria das vezes, ele est\u00e1 certo e voc\u00ea s\u00f3 n\u00e3o tem a mesma vis\u00e3o de si porque n\u00e3o olha no espelho. Reconhecer suas qualidades n\u00e3o \u00e9 vaidade ou ego inflamado, \u00e9 necess\u00e1rio para fortalecer sua coragem e permanecer lutando.<\/p>\n<p>Uma sequ\u00eancia de coisas\u00a0boas aconteceram no \u00faltimo, mas j\u00e1 n\u00e3o deixo todo o m\u00e9rito para o destino. Acasos podem acontecer, mas s\u00f3 s\u00e3o poss\u00edveis porque encontram brechas em situa\u00e7\u00f5es que n\u00f3s\u00a0criamos, desafios que escolhemos\u00a0aceitar. Uma das minhas bandas favoritas, O Teatro M\u00e1gico, diz que <strong>milagres acontecem quando a gente vai a luta<\/strong>, e n\u00e3o poderia concordar mais. Toda a sorte do mundo n\u00e3o consegue nada se voc\u00ea n\u00e3o abre as portas.<\/p>\n<p><iframe loading=\"lazy\" title=\"O Teatro M\u00e1gico - Transi\u00e7\u00e3o - #RecombinandoAtos\" width=\"500\" height=\"281\" src=\"https:\/\/www.youtube.com\/embed\/j5rraxM-jBU?feature=oembed\" frameborder=\"0\" allow=\"accelerometer; autoplay; clipboard-write; encrypted-media; gyroscope; picture-in-picture; web-share\" referrerpolicy=\"strict-origin-when-cross-origin\" allowfullscreen><\/iframe><\/p>\n<p>Aprender mais sobre mim me ajuda a aprender mais sobre o mundo.\u00a0Espero que esse texto\u00a0possa te ajudar a ter mais confian\u00e7a. E voc\u00ea, o que te ajuda a ser mais confiante? Deixa nos coment\u00e1rios, vou adorar conversar sobre isso!<\/p>\n<p>Beijos, e at\u00e9 o pr\u00f3ximo post!<\/p>\n<div class=\"pntrst_main_before_after\"><\/div>","protected":false},"excerpt":{"rendered":"<p>Follow me &nbsp; Oi 23! Esse \u00e9 o primeiro post\u00a0na nova idade, e mais que um resumo dos \u00faltimos 12 meses, quero falar sobre o que aprendi com\u00a022 anos. Para mim, 22 foi a idade da auto-confian\u00e7a. Precisei acreditar na minha capacidade de resolver problemas, cumprir tarefas e criar coisas novas. Fazendo um balan\u00e7o do [&hellip;]<\/p>\n","protected":false},"author":1,"featured_media":1716,"comment_status":"open","ping_status":"open","sticky":false,"template":"","format":"standard","meta":{"_exactmetrics_skip_tracking":false,"_exactmetrics_sitenote_active":false,"_exactmetrics_sitenote_note":"","_exactmetrics_sitenote_category":0,"jetpack_post_was_ever_published":false,"_jetpack_newsletter_access":"","_jetpack_dont_email_post_to_subs":false,"_jetpack_newsletter_tier_id":0,"_jetpack_memberships_contains_paywalled_content":false,"_jetpack_memberships_contains_paid_content":false,"footnotes":"","jetpack_publicize_message":"","jetpack_publicize_feature_enabled":true,"jetpack_social_post_already_shared":true,"jetpack_social_options":{"image_generator_settings":{"template":"highway","enabled":false},"version":2}},"categories":[9],"tags":[133,15,135,134],"class_list":["post-1692","post","type-post","status-publish","format-standard","has-post-thumbnail","hentry","category-pessoal","tag-22-anos","tag-aniversario","tag-confianca","tag-reflexao"],"jetpack_publicize_connections":[],"yoast_head":"<!-- This site is optimized with the Yoast SEO plugin v23.5 - https:\/\/yoast.com\/wordpress\/plugins\/seo\/ -->\n<title>O que aprendi com 22 anos: auto-confian\u00e7a - Vai Menina<\/title>\n<meta name=\"description\" content=\"Auto-confian\u00e7a foi o que mais marcou meus 22 anos. Falei um pouco sobre aceitar desafios, acreditar quando dizem que somos bons e admitir nossas vit\u00f3rias.\" \/>\n<meta name=\"robots\" content=\"index, follow, max-snippet:-1, max-image-preview:large, max-video-preview:-1\" \/>\n<link rel=\"canonical\" href=\"https:\/\/vaimenina.com.br\/blog\/o-que-aprendi-com-22-anos-auto-confianca\/\" \/>\n<meta property=\"og:locale\" content=\"pt_BR\" \/>\n<meta property=\"og:type\" content=\"article\" \/>\n<meta property=\"og:title\" content=\"O que aprendi com 22 anos: auto-confian\u00e7a - Vai Menina\" \/>\n<meta property=\"og:description\" content=\"Auto-confian\u00e7a foi o que mais marcou meus 22 anos. Falei um pouco sobre aceitar desafios, acreditar quando dizem que somos bons e admitir nossas vit\u00f3rias.\" \/>\n<meta property=\"og:url\" content=\"https:\/\/vaimenina.com.br\/blog\/o-que-aprendi-com-22-anos-auto-confianca\/\" \/>\n<meta property=\"og:site_name\" content=\"Vai Menina\" \/>\n<meta property=\"article:publisher\" content=\"https:\/\/www.facebook.com\/vaimenina\/\" \/>\n<meta property=\"article:published_time\" content=\"2015-07-29T00:13:42+00:00\" \/>\n<meta property=\"article:modified_time\" content=\"2015-07-29T01:14:55+00:00\" \/>\n<meta property=\"og:image\" content=\"https:\/\/i0.wp.com\/vaimenina.com.br\/blog\/wp-content\/uploads\/2015\/07\/auto-confian\u00e7a-o-que-aprendi-com-22-anos.jpg?fit=1800%2C1019&ssl=1\" \/>\n\t<meta property=\"og:image:width\" content=\"1800\" \/>\n\t<meta property=\"og:image:height\" content=\"1019\" \/>\n\t<meta property=\"og:image:type\" content=\"image\/jpeg\" \/>\n<meta name=\"author\" content=\"J\u00e9ssica Ambr\u00f3sio\" \/>\n<meta name=\"twitter:label1\" content=\"Escrito por\" \/>\n\t<meta name=\"twitter:data1\" content=\"J\u00e9ssica Ambr\u00f3sio\" \/>\n\t<meta name=\"twitter:label2\" content=\"Est. tempo de leitura\" \/>\n\t<meta name=\"twitter:data2\" content=\"2 minutos\" \/>\n<script type=\"application\/ld+json\" class=\"yoast-schema-graph\">{\"@context\":\"https:\/\/schema.org\",\"@graph\":[{\"@type\":\"WebPage\",\"@id\":\"https:\/\/vaimenina.com.br\/blog\/o-que-aprendi-com-22-anos-auto-confianca\/\",\"url\":\"https:\/\/vaimenina.com.br\/blog\/o-que-aprendi-com-22-anos-auto-confianca\/\",\"name\":\"O que aprendi com 22 anos: auto-confian\u00e7a - Vai Menina\",\"isPartOf\":{\"@id\":\"https:\/\/vaimenina.com.br\/blog\/#website\"},\"primaryImageOfPage\":{\"@id\":\"https:\/\/vaimenina.com.br\/blog\/o-que-aprendi-com-22-anos-auto-confianca\/#primaryimage\"},\"image\":{\"@id\":\"https:\/\/vaimenina.com.br\/blog\/o-que-aprendi-com-22-anos-auto-confianca\/#primaryimage\"},\"thumbnailUrl\":\"https:\/\/i0.wp.com\/vaimenina.com.br\/blog\/wp-content\/uploads\/2015\/07\/auto-confian\u00e7a-o-que-aprendi-com-22-anos.jpg?fit=1800%2C1019&ssl=1\",\"datePublished\":\"2015-07-29T00:13:42+00:00\",\"dateModified\":\"2015-07-29T01:14:55+00:00\",\"author\":{\"@id\":\"https:\/\/vaimenina.com.br\/blog\/#\/schema\/person\/1bb0854ebc4c892c2d934c1682a715e5\"},\"description\":\"Auto-confian\u00e7a foi o que mais marcou meus 22 anos. Falei um pouco sobre aceitar desafios, acreditar quando dizem que somos bons e admitir nossas vit\u00f3rias.\",\"breadcrumb\":{\"@id\":\"https:\/\/vaimenina.com.br\/blog\/o-que-aprendi-com-22-anos-auto-confianca\/#breadcrumb\"},\"inLanguage\":\"pt-BR\",\"potentialAction\":[{\"@type\":\"ReadAction\",\"target\":[\"https:\/\/vaimenina.com.br\/blog\/o-que-aprendi-com-22-anos-auto-confianca\/\"]}]},{\"@type\":\"ImageObject\",\"inLanguage\":\"pt-BR\",\"@id\":\"https:\/\/vaimenina.com.br\/blog\/o-que-aprendi-com-22-anos-auto-confianca\/#primaryimage\",\"url\":\"https:\/\/i0.wp.com\/vaimenina.com.br\/blog\/wp-content\/uploads\/2015\/07\/auto-confian\u00e7a-o-que-aprendi-com-22-anos.jpg?fit=1800%2C1019&ssl=1\",\"contentUrl\":\"https:\/\/i0.wp.com\/vaimenina.com.br\/blog\/wp-content\/uploads\/2015\/07\/auto-confian\u00e7a-o-que-aprendi-com-22-anos.jpg?fit=1800%2C1019&ssl=1\",\"width\":1800,\"height\":1019,\"caption\":\"auto-confian\u00e7a-o-que-aprendi-com-22-anos\"},{\"@type\":\"BreadcrumbList\",\"@id\":\"https:\/\/vaimenina.com.br\/blog\/o-que-aprendi-com-22-anos-auto-confianca\/#breadcrumb\",\"itemListElement\":[{\"@type\":\"ListItem\",\"position\":1,\"name\":\"In\u00edcio\",\"item\":\"https:\/\/vaimenina.com.br\/blog\/\"},{\"@type\":\"ListItem\",\"position\":2,\"name\":\"O que aprendi com 22 anos: auto-confian\u00e7a\"}]},{\"@type\":\"WebSite\",\"@id\":\"https:\/\/vaimenina.com.br\/blog\/#website\",\"url\":\"https:\/\/vaimenina.com.br\/blog\/\",\"name\":\"Vai Menina\",\"description\":\"Viagens, ballet, cabelo, comportamento e mais...\",\"potentialAction\":[{\"@type\":\"SearchAction\",\"target\":{\"@type\":\"EntryPoint\",\"urlTemplate\":\"https:\/\/vaimenina.com.br\/blog\/?s={search_term_string}\"},\"query-input\":{\"@type\":\"PropertyValueSpecification\",\"valueRequired\":true,\"valueName\":\"search_term_string\"}}],\"inLanguage\":\"pt-BR\"},{\"@type\":\"Person\",\"@id\":\"https:\/\/vaimenina.com.br\/blog\/#\/schema\/person\/1bb0854ebc4c892c2d934c1682a715e5\",\"name\":\"J\u00e9ssica Ambr\u00f3sio\",\"image\":{\"@type\":\"ImageObject\",\"inLanguage\":\"pt-BR\",\"@id\":\"https:\/\/vaimenina.com.br\/blog\/#\/schema\/person\/image\/\",\"url\":\"https:\/\/secure.gravatar.com\/avatar\/be6d47f8502242c8b858a32c7dfc6d39?s=96&d=mm&r=g\",\"contentUrl\":\"https:\/\/secure.gravatar.com\/avatar\/be6d47f8502242c8b858a32c7dfc6d39?s=96&d=mm&r=g\",\"caption\":\"J\u00e9ssica Ambr\u00f3sio\"},\"description\":\"Publicit\u00e1ria, bailarina e cacheada. Adoro escrever e estou descobrindo as del\u00edcias de viajar. Tudo no custo-ben\u00ea, claro.\",\"sameAs\":[\"http:\/\/vaimenina.com.br\"],\"url\":\"https:\/\/vaimenina.com.br\/blog\/author\/jeh-ambrosiogmail-com\/\"}]}<\/script>\n<!-- \/ Yoast SEO plugin. -->","yoast_head_json":{"title":"O que aprendi com 22 anos: auto-confian\u00e7a - Vai Menina","description":"Auto-confian\u00e7a foi o que mais marcou meus 22 anos. Falei um pouco sobre aceitar desafios, acreditar quando dizem que somos bons e admitir nossas vit\u00f3rias.","robots":{"index":"index","follow":"follow","max-snippet":"max-snippet:-1","max-image-preview":"max-image-preview:large","max-video-preview":"max-video-preview:-1"},"canonical":"https:\/\/vaimenina.com.br\/blog\/o-que-aprendi-com-22-anos-auto-confianca\/","og_locale":"pt_BR","og_type":"article","og_title":"O que aprendi com 22 anos: auto-confian\u00e7a - Vai Menina","og_description":"Auto-confian\u00e7a foi o que mais marcou meus 22 anos. Falei um pouco sobre aceitar desafios, acreditar quando dizem que somos bons e admitir nossas vit\u00f3rias.","og_url":"https:\/\/vaimenina.com.br\/blog\/o-que-aprendi-com-22-anos-auto-confianca\/","og_site_name":"Vai Menina","article_publisher":"https:\/\/www.facebook.com\/vaimenina\/","article_published_time":"2015-07-29T00:13:42+00:00","article_modified_time":"2015-07-29T01:14:55+00:00","og_image":[{"width":1800,"height":1019,"url":"https:\/\/i0.wp.com\/vaimenina.com.br\/blog\/wp-content\/uploads\/2015\/07\/auto-confian\u00e7a-o-que-aprendi-com-22-anos.jpg?fit=1800%2C1019&ssl=1","type":"image\/jpeg"}],"author":"J\u00e9ssica Ambr\u00f3sio","twitter_misc":{"Escrito por":"J\u00e9ssica Ambr\u00f3sio","Est. tempo de leitura":"2 minutos"},"schema":{"@context":"https:\/\/schema.org","@graph":[{"@type":"WebPage","@id":"https:\/\/vaimenina.com.br\/blog\/o-que-aprendi-com-22-anos-auto-confianca\/","url":"https:\/\/vaimenina.com.br\/blog\/o-que-aprendi-com-22-anos-auto-confianca\/","name":"O que aprendi com 22 anos: auto-confian\u00e7a - Vai Menina","isPartOf":{"@id":"https:\/\/vaimenina.com.br\/blog\/#website"},"primaryImageOfPage":{"@id":"https:\/\/vaimenina.com.br\/blog\/o-que-aprendi-com-22-anos-auto-confianca\/#primaryimage"},"image":{"@id":"https:\/\/vaimenina.com.br\/blog\/o-que-aprendi-com-22-anos-auto-confianca\/#primaryimage"},"thumbnailUrl":"https:\/\/i0.wp.com\/vaimenina.com.br\/blog\/wp-content\/uploads\/2015\/07\/auto-confian\u00e7a-o-que-aprendi-com-22-anos.jpg?fit=1800%2C1019&ssl=1","datePublished":"2015-07-29T00:13:42+00:00","dateModified":"2015-07-29T01:14:55+00:00","author":{"@id":"https:\/\/vaimenina.com.br\/blog\/#\/schema\/person\/1bb0854ebc4c892c2d934c1682a715e5"},"description":"Auto-confian\u00e7a foi o que mais marcou meus 22 anos. Falei um pouco sobre aceitar desafios, acreditar quando dizem que somos bons e admitir nossas vit\u00f3rias.","breadcrumb":{"@id":"https:\/\/vaimenina.com.br\/blog\/o-que-aprendi-com-22-anos-auto-confianca\/#breadcrumb"},"inLanguage":"pt-BR","potentialAction":[{"@type":"ReadAction","target":["https:\/\/vaimenina.com.br\/blog\/o-que-aprendi-com-22-anos-auto-confianca\/"]}]},{"@type":"ImageObject","inLanguage":"pt-BR","@id":"https:\/\/vaimenina.com.br\/blog\/o-que-aprendi-com-22-anos-auto-confianca\/#primaryimage","url":"https:\/\/i0.wp.com\/vaimenina.com.br\/blog\/wp-content\/uploads\/2015\/07\/auto-confian\u00e7a-o-que-aprendi-com-22-anos.jpg?fit=1800%2C1019&ssl=1","contentUrl":"https:\/\/i0.wp.com\/vaimenina.com.br\/blog\/wp-content\/uploads\/2015\/07\/auto-confian\u00e7a-o-que-aprendi-com-22-anos.jpg?fit=1800%2C1019&ssl=1","width":1800,"height":1019,"caption":"auto-confian\u00e7a-o-que-aprendi-com-22-anos"},{"@type":"BreadcrumbList","@id":"https:\/\/vaimenina.com.br\/blog\/o-que-aprendi-com-22-anos-auto-confianca\/#breadcrumb","itemListElement":[{"@type":"ListItem","position":1,"name":"In\u00edcio","item":"https:\/\/vaimenina.com.br\/blog\/"},{"@type":"ListItem","position":2,"name":"O que aprendi com 22 anos: auto-confian\u00e7a"}]},{"@type":"WebSite","@id":"https:\/\/vaimenina.com.br\/blog\/#website","url":"https:\/\/vaimenina.com.br\/blog\/","name":"Vai Menina","description":"Viagens, ballet, cabelo, comportamento e mais...","potentialAction":[{"@type":"SearchAction","target":{"@type":"EntryPoint","urlTemplate":"https:\/\/vaimenina.com.br\/blog\/?s={search_term_string}"},"query-input":{"@type":"PropertyValueSpecification","valueRequired":true,"valueName":"search_term_string"}}],"inLanguage":"pt-BR"},{"@type":"Person","@id":"https:\/\/vaimenina.com.br\/blog\/#\/schema\/person\/1bb0854ebc4c892c2d934c1682a715e5","name":"J\u00e9ssica Ambr\u00f3sio","image":{"@type":"ImageObject","inLanguage":"pt-BR","@id":"https:\/\/vaimenina.com.br\/blog\/#\/schema\/person\/image\/","url":"https:\/\/secure.gravatar.com\/avatar\/be6d47f8502242c8b858a32c7dfc6d39?s=96&d=mm&r=g","contentUrl":"https:\/\/secure.gravatar.com\/avatar\/be6d47f8502242c8b858a32c7dfc6d39?s=96&d=mm&r=g","caption":"J\u00e9ssica Ambr\u00f3sio"},"description":"Publicit\u00e1ria, bailarina e cacheada. Adoro escrever e estou descobrindo as del\u00edcias de viajar. Tudo no custo-ben\u00ea, claro.","sameAs":["http:\/\/vaimenina.com.br"],"url":"https:\/\/vaimenina.com.br\/blog\/author\/jeh-ambrosiogmail-com\/"}]}},"jetpack_featured_media_url":"https:\/\/i0.wp.com\/vaimenina.com.br\/blog\/wp-content\/uploads\/2015\/07\/auto-confian\u00e7a-o-que-aprendi-com-22-anos.jpg?fit=1800%2C1019&ssl=1","jetpack_sharing_enabled":true,"jetpack_shortlink":"https:\/\/wp.me\/p5GGJf-ri","_links":{"self":[{"href":"https:\/\/vaimenina.com.br\/blog\/wp-json\/wp\/v2\/posts\/1692"}],"collection":[{"href":"https:\/\/vaimenina.com.br\/blog\/wp-json\/wp\/v2\/posts"}],"about":[{"href":"https:\/\/vaimenina.com.br\/blog\/wp-json\/wp\/v2\/types\/post"}],"author":[{"embeddable":true,"href":"https:\/\/vaimenina.com.br\/blog\/wp-json\/wp\/v2\/users\/1"}],"replies":[{"embeddable":true,"href":"https:\/\/vaimenina.com.br\/blog\/wp-json\/wp\/v2\/comments?post=1692"}],"version-history":[{"count":14,"href":"https:\/\/vaimenina.com.br\/blog\/wp-json\/wp\/v2\/posts\/1692\/revisions"}],"predecessor-version":[{"id":1728,"href":"https:\/\/vaimenina.com.br\/blog\/wp-json\/wp\/v2\/posts\/1692\/revisions\/1728"}],"wp:featuredmedia":[{"embeddable":true,"href":"https:\/\/vaimenina.com.br\/blog\/wp-json\/wp\/v2\/media\/1716"}],"wp:attachment":[{"href":"https:\/\/vaimenina.com.br\/blog\/wp-json\/wp\/v2\/media?parent=1692"}],"wp:term":[{"taxonomy":"category","embeddable":true,"href":"https:\/\/vaimenina.com.br\/blog\/wp-json\/wp\/v2\/categories?post=1692"},{"taxonomy":"post_tag","embeddable":true,"href":"https:\/\/vaimenina.com.br\/blog\/wp-json\/wp\/v2\/tags?post=1692"}],"curies":[{"name":"wp","href":"https:\/\/api.w.org\/{rel}","templated":true}]}}