{"id":2375,"date":"2016-01-14T14:02:07","date_gmt":"2016-01-14T17:02:07","guid":{"rendered":"http:\/\/vaimenina.com.br\/blog\/?p=2375"},"modified":"2018-10-23T23:47:23","modified_gmt":"2018-10-24T02:47:23","slug":"hidratacao-de-abacate-receita-caseira-para-cabelos-secos","status":"publish","type":"post","link":"https:\/\/vaimenina.com.br\/blog\/hidratacao-de-abacate-receita-caseira-para-cabelos-secos\/","title":{"rendered":"Hidrata\u00e7\u00e3o de Abacate &#8211; Receita Caseira para Cabelos Secos"},"content":{"rendered":"<div class=\"pntrst_main_before_after\"><div class=\"pntrst-button-wrap \" >\n\t\t\t\t\t\t\t<a  data-pin-do=\"buttonFollow\" href=\"https:\/\/www.pinterest.com\/vaimenina\/\">Follow me<\/a>\n\t\t\t\t\t\t<\/div><\/div><p>Oi meninas, tudo bem? O post ensinando a maravilhosa <a title=\"Hidrata\u00e7\u00e3o de Maizena para cachos definidos e macios\" href=\"http:\/\/vaimenina.com.br\/blog\/hidratacao-de-maizena-para-cachos-definidos-e-macios\/\" target=\"_blank\" rel=\"noopener\"><strong>Hidrata\u00e7\u00e3o de Maizena<\/strong><\/a> foi um dos<a title=\"Os melhores posts de 2015 \u2013 Retrospectiva Vai, Menina\" href=\"http:\/\/vaimenina.com.br\/blog\/os-melhores-posts-de-2015-retrospectiva-vai-menina\/\" target=\"_blank\" rel=\"noopener\"> <strong>mais acessados de 2015<\/strong><\/a>, e me inspirou a dividir outra receita com voc\u00eas, a <strong>Hidrata\u00e7\u00e3o de Abacate<\/strong>. Eu j\u00e1 havia testado ela um tempo atr\u00e1s, gostei bastante do resultado mas n\u00e3o havia fotografado, ent\u00e3o essa semana fiz novamente e registrei o passo-a-passo \ud83d\ude42<\/p>\n<p><a href=\"https:\/\/i0.wp.com\/vaimenina.com.br\/blog\/wp-content\/uploads\/2016\/01\/hidratacao-cabelo-facil-abacate.jpg\"><img data-recalc-dims=\"1\" loading=\"lazy\" decoding=\"async\" class=\"alignnone size-full wp-image-2391\" src=\"https:\/\/i0.wp.com\/vaimenina.com.br\/blog\/wp-content\/uploads\/2016\/01\/hidratacao-cabelo-facil-abacate.jpg?resize=1800%2C1019\" alt=\"hidratacao-cabelo-facil-abacate\" width=\"1800\" height=\"1019\" srcset=\"https:\/\/i0.wp.com\/vaimenina.com.br\/blog\/wp-content\/uploads\/2016\/01\/hidratacao-cabelo-facil-abacate.jpg?w=1800&amp;ssl=1 1800w, https:\/\/i0.wp.com\/vaimenina.com.br\/blog\/wp-content\/uploads\/2016\/01\/hidratacao-cabelo-facil-abacate.jpg?resize=300%2C170&amp;ssl=1 300w, https:\/\/i0.wp.com\/vaimenina.com.br\/blog\/wp-content\/uploads\/2016\/01\/hidratacao-cabelo-facil-abacate.jpg?resize=870%2C493&amp;ssl=1 870w\" sizes=\"(max-width: 1000px) 100vw, 1000px\" \/><\/a><\/p>\n<p>Vou confessar que n\u00e3o como abacate. Sendo assim, nunca tive interesse nenhum na fruta, at\u00e9\u00a0que ouvi falar da hidrata\u00e7\u00e3o com ela nos grupos de Low Poo e Cacheadas. Se voc\u00ea gosta de comer o abacate, pode ficar\u00a0tranquila que sobra bastante para fazer uma vitamina ou guacamole:)<\/p>\n<p>&nbsp;<\/p>\n<h4>Benef\u00edcios da hidrata\u00e7\u00e3o de abacate:<\/h4>\n<p>O abacate \u00e9 rico nutrientes\u00a0e\u00a0vitaminas, Conhecido por ser uma fruta gordurosa, seu \u00f3leo est\u00e1 presente em v\u00e1rios produtos capilares e deixa os cabelos macios e brilhantes. \u00c9 indicado\u00a0para cabelos ressecados, quimicamente tratados e crespos e cacheados, que s\u00e3o naturalmente mais secos,<\/p>\n<p>&nbsp;<\/p>\n<h4>Ingredientes da hidrata\u00e7\u00e3o de abacate:<\/h4>\n<p>Os ingredientes s\u00e3o apenas abacate maduro e m\u00e1scara ou creme para hidrata\u00e7\u00e3o. Voc\u00ea pode incrementar com azeite extra-virgem, \u00f3leo de coco ou r\u00edcino, iogurte natural e mel.\u00a0Para saber o ponto do abacate \u00e9 s\u00f3 apertar a casca, se estiver firme a fruta est\u00e1 verde, e se\u00a0estiver\u00a0macio\u00a0o abacate est\u00e1 maduro\u00a0e ideal para essa receita.<\/p>\n<p><a href=\"https:\/\/i0.wp.com\/vaimenina.com.br\/blog\/wp-content\/uploads\/2016\/01\/como-fazer-hidratacao-abacate.jpg\"><img data-recalc-dims=\"1\" loading=\"lazy\" decoding=\"async\" class=\"alignnone size-full wp-image-2392\" src=\"https:\/\/i0.wp.com\/vaimenina.com.br\/blog\/wp-content\/uploads\/2016\/01\/como-fazer-hidratacao-abacate.jpg?resize=1800%2C1370\" alt=\"como-fazer-hidratacao-abacate-cabelo\" width=\"1800\" height=\"1370\" srcset=\"https:\/\/i0.wp.com\/vaimenina.com.br\/blog\/wp-content\/uploads\/2016\/01\/como-fazer-hidratacao-abacate.jpg?w=1800&amp;ssl=1 1800w, https:\/\/i0.wp.com\/vaimenina.com.br\/blog\/wp-content\/uploads\/2016\/01\/como-fazer-hidratacao-abacate.jpg?resize=300%2C228&amp;ssl=1 300w, https:\/\/i0.wp.com\/vaimenina.com.br\/blog\/wp-content\/uploads\/2016\/01\/como-fazer-hidratacao-abacate.jpg?resize=870%2C662&amp;ssl=1 870w\" sizes=\"(max-width: 1000px) 100vw, 1000px\" \/><\/a><\/p>\n<h4><\/h4>\n<h4>Como fazer a hidrata\u00e7\u00e3o de abacate:<\/h4>\n<p>Eu usei o equivalente a 3 colheres de abacate e amassei bem com um garfo. Depois\u00a0coloquei a mesma medida do Condicionador \u00d3leo Extraordin\u00e1rio Nutri\u00e7\u00e3o Intensa da Loreal. A mistura fica bem densa, por isso quanto mais voc\u00ea amassar, mais f\u00e1cil de passar. Nesse dia eu lavei o cabelo usando a t\u00e9cnica de <strong>cowash<\/strong>, lavagem feita com condicionadores leves que seguimos no <a title=\"No e Low Poo \u2013 O que \u00e9 essa t\u00e9cnica?\" href=\"http:\/\/vaimenina.com.br\/blog\/no-e-low-poo-o-que-e-essa-tecnica\/\" target=\"_blank\" rel=\"noopener\"><strong>Low Poo e No Poo<\/strong><\/a> (<a title=\"5 D\u00favidas sobre Low Poo \u2013 Iniciantes Low Poo\" href=\"http:\/\/vaimenina.com.br\/blog\/5-duvidas-sobre-low-poo-iniciantes-low-poo\/\" target=\"_blank\" rel=\"noopener\"><strong>clica aqui<\/strong><\/a> para conhecer) e dei uma desembara\u00e7ada de leve enquanto enxaguava o cabelo. Deixei por 40 minutos abafado na touca laminada, enxaguei e finalizei com <strong>Yamasterol<\/strong> e umas gotinhas de <strong>azeite de oliva<\/strong> nas pontas.<\/p>\n<p>O resultado foi um cabelo macio, gostoso de pegar,\u00a0com cachos soltos e bem feitinhos. Gostei bastante,<\/p>\n<p>Espero que essa hidrata\u00e7\u00e3o tamb\u00e9m d\u00ea certo para voc\u00ea. Vem me contar os resultados nos coment\u00e1rios ou na <a href=\"https:\/\/www.facebook.com\/vaimenina\/\" target=\"_blank\" rel=\"noopener\"><strong>p\u00e1gina do blog<\/strong><\/a> \ud83d\ude42<br \/>\nBeijos, e at\u00e9 o pr\u00f3ximo post!<\/p>\n<p style=\"text-align: center;\">Salve esse post no <a href=\"https:\/\/br.pinterest.com\/vaimenina\/\"><strong>Pinterest<\/strong><\/a>:<\/p>\n<p><img data-recalc-dims=\"1\" loading=\"lazy\" decoding=\"async\" class=\"wp-image-4418 size-large\" src=\"https:\/\/i0.wp.com\/vaimenina.com.br\/blog\/wp-content\/uploads\/2015\/06\/hidratacao-abacate-pinterest-vai-menina2-870x1546.png?resize=870%2C1546\" alt=\"Hidrata\u00e7\u00e3o Caseira com Abacate para Cabelos Secos\" width=\"870\" height=\"1546\" srcset=\"https:\/\/i0.wp.com\/vaimenina.com.br\/blog\/wp-content\/uploads\/2015\/06\/hidratacao-abacate-pinterest-vai-menina2.png?resize=870%2C1546&amp;ssl=1 870w, https:\/\/i0.wp.com\/vaimenina.com.br\/blog\/wp-content\/uploads\/2015\/06\/hidratacao-abacate-pinterest-vai-menina2.png?resize=768%2C1365&amp;ssl=1 768w, https:\/\/i0.wp.com\/vaimenina.com.br\/blog\/wp-content\/uploads\/2015\/06\/hidratacao-abacate-pinterest-vai-menina2.png?resize=1080%2C1920&amp;ssl=1 1080w, https:\/\/i0.wp.com\/vaimenina.com.br\/blog\/wp-content\/uploads\/2015\/06\/hidratacao-abacate-pinterest-vai-menina2.png?resize=169%2C300&amp;ssl=1 169w, https:\/\/i0.wp.com\/vaimenina.com.br\/blog\/wp-content\/uploads\/2015\/06\/hidratacao-abacate-pinterest-vai-menina2.png?w=1200&amp;ssl=1 1200w\" sizes=\"(max-width: 870px) 100vw, 870px\" \/><\/p>\n<div style=\"display: none;\">http:\/\/vaimenina.com.br\/blog\/wp-content\/uploads\/2016\/01\/hidratacao-abacate-pinterest-vai-menina.png<\/div>\n<div class=\"pntrst_main_before_after\"><\/div>","protected":false},"excerpt":{"rendered":"<p>Follow me Oi meninas, tudo bem? O post ensinando a maravilhosa Hidrata\u00e7\u00e3o de Maizena foi um dos mais acessados de 2015, e me inspirou a dividir outra receita com voc\u00eas, a Hidrata\u00e7\u00e3o de Abacate. Eu j\u00e1 havia testado ela um tempo atr\u00e1s, gostei bastante do resultado mas n\u00e3o havia fotografado, ent\u00e3o essa semana fiz novamente [&hellip;]<\/p>\n","protected":false},"author":1,"featured_media":2736,"comment_status":"open","ping_status":"open","sticky":false,"template":"","format":"standard","meta":{"_exactmetrics_skip_tracking":false,"_exactmetrics_sitenote_active":false,"_exactmetrics_sitenote_note":"","_exactmetrics_sitenote_category":0,"jetpack_post_was_ever_published":false,"_jetpack_newsletter_access":"","_jetpack_dont_email_post_to_subs":false,"_jetpack_newsletter_tier_id":0,"_jetpack_memberships_contains_paywalled_content":false,"_jetpack_memberships_contains_paid_content":false,"footnotes":"","jetpack_publicize_message":"","jetpack_publicize_feature_enabled":true,"jetpack_social_post_already_shared":true,"jetpack_social_options":{"image_generator_settings":{"template":"highway","enabled":false},"version":2}},"categories":[4],"tags":[124],"class_list":["post-2375","post","type-post","status-publish","format-standard","has-post-thumbnail","hentry","category-cabelo","tag-hidratacao"],"jetpack_publicize_connections":[],"yoast_head":"<!-- This site is optimized with the Yoast SEO plugin v23.5 - https:\/\/yoast.com\/wordpress\/plugins\/seo\/ -->\n<title>Hidrata\u00e7\u00e3o de Abacate - Receita Caseira para Cabelos Secos - Vai Menina<\/title>\n<meta name=\"description\" content=\"A hidrata\u00e7\u00e3o de abacate \u00e9 rica em vitaminas e nutrientes, ideal para cabelos ressecados, com qu\u00edmica, crespos e cacheados. Vem aprender a receita, \u00e9 f\u00e1cil!\" \/>\n<meta name=\"robots\" content=\"index, follow, max-snippet:-1, max-image-preview:large, max-video-preview:-1\" \/>\n<link rel=\"canonical\" href=\"https:\/\/vaimenina.com.br\/blog\/hidratacao-de-abacate-receita-caseira-para-cabelos-secos\/\" \/>\n<meta property=\"og:locale\" content=\"pt_BR\" \/>\n<meta property=\"og:type\" content=\"article\" \/>\n<meta property=\"og:title\" content=\"Hidrata\u00e7\u00e3o de Abacate - Receita Caseira para Cabelos Secos - Vai Menina\" \/>\n<meta property=\"og:description\" content=\"A hidrata\u00e7\u00e3o de abacate \u00e9 rica em vitaminas e nutrientes, ideal para cabelos ressecados, com qu\u00edmica, crespos e cacheados. Vem aprender a receita, \u00e9 f\u00e1cil!\" \/>\n<meta property=\"og:url\" content=\"https:\/\/vaimenina.com.br\/blog\/hidratacao-de-abacate-receita-caseira-para-cabelos-secos\/\" \/>\n<meta property=\"og:site_name\" content=\"Vai Menina\" \/>\n<meta property=\"article:publisher\" content=\"https:\/\/www.facebook.com\/vaimenina\/\" \/>\n<meta property=\"article:published_time\" content=\"2016-01-14T17:02:07+00:00\" \/>\n<meta property=\"article:modified_time\" content=\"2018-10-24T02:47:23+00:00\" \/>\n<meta property=\"og:image\" content=\"https:\/\/i0.wp.com\/vaimenina.com.br\/blog\/wp-content\/uploads\/2016\/01\/hidratacao-cabelo-facil-abacate-vaimenina.jpg?fit=1080%2C600&ssl=1\" \/>\n\t<meta property=\"og:image:width\" content=\"1080\" \/>\n\t<meta property=\"og:image:height\" content=\"600\" \/>\n\t<meta property=\"og:image:type\" content=\"image\/jpeg\" \/>\n<meta name=\"author\" content=\"J\u00e9ssica Ambr\u00f3sio\" \/>\n<meta name=\"twitter:label1\" content=\"Escrito por\" \/>\n\t<meta name=\"twitter:data1\" content=\"J\u00e9ssica Ambr\u00f3sio\" \/>\n\t<meta name=\"twitter:label2\" content=\"Est. tempo de leitura\" \/>\n\t<meta name=\"twitter:data2\" content=\"2 minutos\" \/>\n<script type=\"application\/ld+json\" class=\"yoast-schema-graph\">{\"@context\":\"https:\/\/schema.org\",\"@graph\":[{\"@type\":\"WebPage\",\"@id\":\"https:\/\/vaimenina.com.br\/blog\/hidratacao-de-abacate-receita-caseira-para-cabelos-secos\/\",\"url\":\"https:\/\/vaimenina.com.br\/blog\/hidratacao-de-abacate-receita-caseira-para-cabelos-secos\/\",\"name\":\"Hidrata\u00e7\u00e3o de Abacate - Receita Caseira para Cabelos Secos - Vai Menina\",\"isPartOf\":{\"@id\":\"https:\/\/vaimenina.com.br\/blog\/#website\"},\"primaryImageOfPage\":{\"@id\":\"https:\/\/vaimenina.com.br\/blog\/hidratacao-de-abacate-receita-caseira-para-cabelos-secos\/#primaryimage\"},\"image\":{\"@id\":\"https:\/\/vaimenina.com.br\/blog\/hidratacao-de-abacate-receita-caseira-para-cabelos-secos\/#primaryimage\"},\"thumbnailUrl\":\"https:\/\/i0.wp.com\/vaimenina.com.br\/blog\/wp-content\/uploads\/2016\/01\/hidratacao-cabelo-facil-abacate-vaimenina.jpg?fit=1080%2C600&ssl=1\",\"datePublished\":\"2016-01-14T17:02:07+00:00\",\"dateModified\":\"2018-10-24T02:47:23+00:00\",\"author\":{\"@id\":\"https:\/\/vaimenina.com.br\/blog\/#\/schema\/person\/1bb0854ebc4c892c2d934c1682a715e5\"},\"description\":\"A hidrata\u00e7\u00e3o de abacate \u00e9 rica em vitaminas e nutrientes, ideal para cabelos ressecados, com qu\u00edmica, crespos e cacheados. Vem aprender a receita, \u00e9 f\u00e1cil!\",\"breadcrumb\":{\"@id\":\"https:\/\/vaimenina.com.br\/blog\/hidratacao-de-abacate-receita-caseira-para-cabelos-secos\/#breadcrumb\"},\"inLanguage\":\"pt-BR\",\"potentialAction\":[{\"@type\":\"ReadAction\",\"target\":[\"https:\/\/vaimenina.com.br\/blog\/hidratacao-de-abacate-receita-caseira-para-cabelos-secos\/\"]}]},{\"@type\":\"ImageObject\",\"inLanguage\":\"pt-BR\",\"@id\":\"https:\/\/vaimenina.com.br\/blog\/hidratacao-de-abacate-receita-caseira-para-cabelos-secos\/#primaryimage\",\"url\":\"https:\/\/i0.wp.com\/vaimenina.com.br\/blog\/wp-content\/uploads\/2016\/01\/hidratacao-cabelo-facil-abacate-vaimenina.jpg?fit=1080%2C600&ssl=1\",\"contentUrl\":\"https:\/\/i0.wp.com\/vaimenina.com.br\/blog\/wp-content\/uploads\/2016\/01\/hidratacao-cabelo-facil-abacate-vaimenina.jpg?fit=1080%2C600&ssl=1\",\"width\":1080,\"height\":600,\"caption\":\"hidratacao-cabelo-facil-abacate-vaimenina\"},{\"@type\":\"BreadcrumbList\",\"@id\":\"https:\/\/vaimenina.com.br\/blog\/hidratacao-de-abacate-receita-caseira-para-cabelos-secos\/#breadcrumb\",\"itemListElement\":[{\"@type\":\"ListItem\",\"position\":1,\"name\":\"In\u00edcio\",\"item\":\"https:\/\/vaimenina.com.br\/blog\/\"},{\"@type\":\"ListItem\",\"position\":2,\"name\":\"Hidrata\u00e7\u00e3o de Abacate &#8211; Receita Caseira para Cabelos Secos\"}]},{\"@type\":\"WebSite\",\"@id\":\"https:\/\/vaimenina.com.br\/blog\/#website\",\"url\":\"https:\/\/vaimenina.com.br\/blog\/\",\"name\":\"Vai Menina\",\"description\":\"Viagens, ballet, cabelo, comportamento e mais...\",\"potentialAction\":[{\"@type\":\"SearchAction\",\"target\":{\"@type\":\"EntryPoint\",\"urlTemplate\":\"https:\/\/vaimenina.com.br\/blog\/?s={search_term_string}\"},\"query-input\":{\"@type\":\"PropertyValueSpecification\",\"valueRequired\":true,\"valueName\":\"search_term_string\"}}],\"inLanguage\":\"pt-BR\"},{\"@type\":\"Person\",\"@id\":\"https:\/\/vaimenina.com.br\/blog\/#\/schema\/person\/1bb0854ebc4c892c2d934c1682a715e5\",\"name\":\"J\u00e9ssica Ambr\u00f3sio\",\"image\":{\"@type\":\"ImageObject\",\"inLanguage\":\"pt-BR\",\"@id\":\"https:\/\/vaimenina.com.br\/blog\/#\/schema\/person\/image\/\",\"url\":\"https:\/\/secure.gravatar.com\/avatar\/be6d47f8502242c8b858a32c7dfc6d39?s=96&d=mm&r=g\",\"contentUrl\":\"https:\/\/secure.gravatar.com\/avatar\/be6d47f8502242c8b858a32c7dfc6d39?s=96&d=mm&r=g\",\"caption\":\"J\u00e9ssica Ambr\u00f3sio\"},\"description\":\"Publicit\u00e1ria, bailarina e cacheada. Adoro escrever e estou descobrindo as del\u00edcias de viajar. Tudo no custo-ben\u00ea, claro.\",\"sameAs\":[\"http:\/\/vaimenina.com.br\"],\"url\":\"https:\/\/vaimenina.com.br\/blog\/author\/jeh-ambrosiogmail-com\/\"}]}<\/script>\n<!-- \/ Yoast SEO plugin. -->","yoast_head_json":{"title":"Hidrata\u00e7\u00e3o de Abacate - Receita Caseira para Cabelos Secos - Vai Menina","description":"A hidrata\u00e7\u00e3o de abacate \u00e9 rica em vitaminas e nutrientes, ideal para cabelos ressecados, com qu\u00edmica, crespos e cacheados. Vem aprender a receita, \u00e9 f\u00e1cil!","robots":{"index":"index","follow":"follow","max-snippet":"max-snippet:-1","max-image-preview":"max-image-preview:large","max-video-preview":"max-video-preview:-1"},"canonical":"https:\/\/vaimenina.com.br\/blog\/hidratacao-de-abacate-receita-caseira-para-cabelos-secos\/","og_locale":"pt_BR","og_type":"article","og_title":"Hidrata\u00e7\u00e3o de Abacate - Receita Caseira para Cabelos Secos - Vai Menina","og_description":"A hidrata\u00e7\u00e3o de abacate \u00e9 rica em vitaminas e nutrientes, ideal para cabelos ressecados, com qu\u00edmica, crespos e cacheados. Vem aprender a receita, \u00e9 f\u00e1cil!","og_url":"https:\/\/vaimenina.com.br\/blog\/hidratacao-de-abacate-receita-caseira-para-cabelos-secos\/","og_site_name":"Vai Menina","article_publisher":"https:\/\/www.facebook.com\/vaimenina\/","article_published_time":"2016-01-14T17:02:07+00:00","article_modified_time":"2018-10-24T02:47:23+00:00","og_image":[{"width":1080,"height":600,"url":"https:\/\/i0.wp.com\/vaimenina.com.br\/blog\/wp-content\/uploads\/2016\/01\/hidratacao-cabelo-facil-abacate-vaimenina.jpg?fit=1080%2C600&ssl=1","type":"image\/jpeg"}],"author":"J\u00e9ssica Ambr\u00f3sio","twitter_misc":{"Escrito por":"J\u00e9ssica Ambr\u00f3sio","Est. tempo de leitura":"2 minutos"},"schema":{"@context":"https:\/\/schema.org","@graph":[{"@type":"WebPage","@id":"https:\/\/vaimenina.com.br\/blog\/hidratacao-de-abacate-receita-caseira-para-cabelos-secos\/","url":"https:\/\/vaimenina.com.br\/blog\/hidratacao-de-abacate-receita-caseira-para-cabelos-secos\/","name":"Hidrata\u00e7\u00e3o de Abacate - Receita Caseira para Cabelos Secos - Vai Menina","isPartOf":{"@id":"https:\/\/vaimenina.com.br\/blog\/#website"},"primaryImageOfPage":{"@id":"https:\/\/vaimenina.com.br\/blog\/hidratacao-de-abacate-receita-caseira-para-cabelos-secos\/#primaryimage"},"image":{"@id":"https:\/\/vaimenina.com.br\/blog\/hidratacao-de-abacate-receita-caseira-para-cabelos-secos\/#primaryimage"},"thumbnailUrl":"https:\/\/i0.wp.com\/vaimenina.com.br\/blog\/wp-content\/uploads\/2016\/01\/hidratacao-cabelo-facil-abacate-vaimenina.jpg?fit=1080%2C600&ssl=1","datePublished":"2016-01-14T17:02:07+00:00","dateModified":"2018-10-24T02:47:23+00:00","author":{"@id":"https:\/\/vaimenina.com.br\/blog\/#\/schema\/person\/1bb0854ebc4c892c2d934c1682a715e5"},"description":"A hidrata\u00e7\u00e3o de abacate \u00e9 rica em vitaminas e nutrientes, ideal para cabelos ressecados, com qu\u00edmica, crespos e cacheados. Vem aprender a receita, \u00e9 f\u00e1cil!","breadcrumb":{"@id":"https:\/\/vaimenina.com.br\/blog\/hidratacao-de-abacate-receita-caseira-para-cabelos-secos\/#breadcrumb"},"inLanguage":"pt-BR","potentialAction":[{"@type":"ReadAction","target":["https:\/\/vaimenina.com.br\/blog\/hidratacao-de-abacate-receita-caseira-para-cabelos-secos\/"]}]},{"@type":"ImageObject","inLanguage":"pt-BR","@id":"https:\/\/vaimenina.com.br\/blog\/hidratacao-de-abacate-receita-caseira-para-cabelos-secos\/#primaryimage","url":"https:\/\/i0.wp.com\/vaimenina.com.br\/blog\/wp-content\/uploads\/2016\/01\/hidratacao-cabelo-facil-abacate-vaimenina.jpg?fit=1080%2C600&ssl=1","contentUrl":"https:\/\/i0.wp.com\/vaimenina.com.br\/blog\/wp-content\/uploads\/2016\/01\/hidratacao-cabelo-facil-abacate-vaimenina.jpg?fit=1080%2C600&ssl=1","width":1080,"height":600,"caption":"hidratacao-cabelo-facil-abacate-vaimenina"},{"@type":"BreadcrumbList","@id":"https:\/\/vaimenina.com.br\/blog\/hidratacao-de-abacate-receita-caseira-para-cabelos-secos\/#breadcrumb","itemListElement":[{"@type":"ListItem","position":1,"name":"In\u00edcio","item":"https:\/\/vaimenina.com.br\/blog\/"},{"@type":"ListItem","position":2,"name":"Hidrata\u00e7\u00e3o de Abacate &#8211; Receita Caseira para Cabelos Secos"}]},{"@type":"WebSite","@id":"https:\/\/vaimenina.com.br\/blog\/#website","url":"https:\/\/vaimenina.com.br\/blog\/","name":"Vai Menina","description":"Viagens, ballet, cabelo, comportamento e mais...","potentialAction":[{"@type":"SearchAction","target":{"@type":"EntryPoint","urlTemplate":"https:\/\/vaimenina.com.br\/blog\/?s={search_term_string}"},"query-input":{"@type":"PropertyValueSpecification","valueRequired":true,"valueName":"search_term_string"}}],"inLanguage":"pt-BR"},{"@type":"Person","@id":"https:\/\/vaimenina.com.br\/blog\/#\/schema\/person\/1bb0854ebc4c892c2d934c1682a715e5","name":"J\u00e9ssica Ambr\u00f3sio","image":{"@type":"ImageObject","inLanguage":"pt-BR","@id":"https:\/\/vaimenina.com.br\/blog\/#\/schema\/person\/image\/","url":"https:\/\/secure.gravatar.com\/avatar\/be6d47f8502242c8b858a32c7dfc6d39?s=96&d=mm&r=g","contentUrl":"https:\/\/secure.gravatar.com\/avatar\/be6d47f8502242c8b858a32c7dfc6d39?s=96&d=mm&r=g","caption":"J\u00e9ssica Ambr\u00f3sio"},"description":"Publicit\u00e1ria, bailarina e cacheada. Adoro escrever e estou descobrindo as del\u00edcias de viajar. Tudo no custo-ben\u00ea, claro.","sameAs":["http:\/\/vaimenina.com.br"],"url":"https:\/\/vaimenina.com.br\/blog\/author\/jeh-ambrosiogmail-com\/"}]}},"jetpack_featured_media_url":"https:\/\/i0.wp.com\/vaimenina.com.br\/blog\/wp-content\/uploads\/2016\/01\/hidratacao-cabelo-facil-abacate-vaimenina.jpg?fit=1080%2C600&ssl=1","jetpack_sharing_enabled":true,"jetpack_shortlink":"https:\/\/wp.me\/p5GGJf-Cj","_links":{"self":[{"href":"https:\/\/vaimenina.com.br\/blog\/wp-json\/wp\/v2\/posts\/2375"}],"collection":[{"href":"https:\/\/vaimenina.com.br\/blog\/wp-json\/wp\/v2\/posts"}],"about":[{"href":"https:\/\/vaimenina.com.br\/blog\/wp-json\/wp\/v2\/types\/post"}],"author":[{"embeddable":true,"href":"https:\/\/vaimenina.com.br\/blog\/wp-json\/wp\/v2\/users\/1"}],"replies":[{"embeddable":true,"href":"https:\/\/vaimenina.com.br\/blog\/wp-json\/wp\/v2\/comments?post=2375"}],"version-history":[{"count":11,"href":"https:\/\/vaimenina.com.br\/blog\/wp-json\/wp\/v2\/posts\/2375\/revisions"}],"predecessor-version":[{"id":4425,"href":"https:\/\/vaimenina.com.br\/blog\/wp-json\/wp\/v2\/posts\/2375\/revisions\/4425"}],"wp:featuredmedia":[{"embeddable":true,"href":"https:\/\/vaimenina.com.br\/blog\/wp-json\/wp\/v2\/media\/2736"}],"wp:attachment":[{"href":"https:\/\/vaimenina.com.br\/blog\/wp-json\/wp\/v2\/media?parent=2375"}],"wp:term":[{"taxonomy":"category","embeddable":true,"href":"https:\/\/vaimenina.com.br\/blog\/wp-json\/wp\/v2\/categories?post=2375"},{"taxonomy":"post_tag","embeddable":true,"href":"https:\/\/vaimenina.com.br\/blog\/wp-json\/wp\/v2\/tags?post=2375"}],"curies":[{"name":"wp","href":"https:\/\/api.w.org\/{rel}","templated":true}]}}