{"id":2568,"date":"2016-03-08T21:49:44","date_gmt":"2016-03-09T00:49:44","guid":{"rendered":"http:\/\/vaimenina.com.br\/blog\/?p=2568"},"modified":"2016-03-08T21:54:27","modified_gmt":"2016-03-09T00:54:27","slug":"dia-da-mulher-blogs-que-falam-de-feminismo-parte-2","status":"publish","type":"post","link":"https:\/\/vaimenina.com.br\/blog\/dia-da-mulher-blogs-que-falam-de-feminismo-parte-2\/","title":{"rendered":"Dia da Mulher &#8211; Blogs Que Falam de Feminismo parte 2"},"content":{"rendered":"<div class=\"pntrst_main_before_after\"><div class=\"pntrst-button-wrap \" >\n\t\t\t\t\t\t\t<a  data-pin-do=\"buttonFollow\" href=\"https:\/\/www.pinterest.com\/vaimenina\/\">Follow me<\/a>\n\t\t\t\t\t\t<\/div><\/div><p>Ol\u00e1 meninas! Hoje eu decidi fazer uma segunda parte do post do ano passado para o dia 08 de mar\u00e7o, o\u00a0<strong><a title=\"Blogs Que Falam de Feminismo \u2013 Semana da Mulher\" href=\"http:\/\/vaimenina.com.br\/blog\/blogs-que-falam-de-feminismo-semana-da-mulher\/\" target=\"_blank\">Blogs Que Falam de Feminismo.<\/a>\u00a0<\/strong>S\u00e3o\u00a0mais op\u00e7\u00f5es para conhecer\u00a0sobre esse tema que me interessa tanto e \u00e9 t\u00e3o necess\u00e1rio no nosso dia a dia.<\/p>\n<p><a href=\"https:\/\/i0.wp.com\/vaimenina.com.br\/blog\/wp-content\/uploads\/2016\/03\/Blogs-que-falam-de-Feminismo-vaimenina-2016.jpg\"><img data-recalc-dims=\"1\" loading=\"lazy\" decoding=\"async\" class=\"alignnone size-full wp-image-2576\" src=\"https:\/\/i0.wp.com\/vaimenina.com.br\/blog\/wp-content\/uploads\/2016\/03\/Blogs-que-falam-de-Feminismo-vaimenina-2016.jpg?resize=1800%2C1009\" alt=\"http:\/\/vaimenina.com.br\/blog\/wp-content\/uploads\/2016\/03\/Blogs-que-falam-de-Feminismo-vaimenina-2016\" width=\"1800\" height=\"1009\" srcset=\"https:\/\/i0.wp.com\/vaimenina.com.br\/blog\/wp-content\/uploads\/2016\/03\/Blogs-que-falam-de-Feminismo-vaimenina-2016.jpg?w=1800&amp;ssl=1 1800w, https:\/\/i0.wp.com\/vaimenina.com.br\/blog\/wp-content\/uploads\/2016\/03\/Blogs-que-falam-de-Feminismo-vaimenina-2016.jpg?resize=300%2C168&amp;ssl=1 300w, https:\/\/i0.wp.com\/vaimenina.com.br\/blog\/wp-content\/uploads\/2016\/03\/Blogs-que-falam-de-Feminismo-vaimenina-2016.jpg?resize=870%2C488&amp;ssl=1 870w\" sizes=\"(max-width: 1000px) 100vw, 1000px\" \/><\/a><\/p>\n<p><a href=\"http:\/\/www.revistacapitolina.com.br\/\" target=\"_blank\"><strong>Revista Capitolina<\/strong><\/a><br \/>\nUma revista independente e online, feita para ajudar as meninas a passar pelas mudan\u00e7as da adolesc\u00eancia sem se sentirem inadequadas. Fala muito sobre aceita\u00e7\u00e3o e traz respostas pra d\u00favidas que os adultos julgam bobas mas s\u00e3o super importantes para as meninas. N\u00f3s adultas temos muito para aprender e desconstruir com a Capitolina. Eu j\u00e1 compartilhei na <a href=\"https:\/\/www.facebook.com\/vaimenina\/\" target=\"_blank\"><strong>p\u00e1gina do blog<\/strong><\/a> uma <a href=\"http:\/\/www.revistacapitolina.com.br\/sapatilha-cor-da-pele\/\" target=\"_blank\"><strong>entrevista com a bailarina Ingrid Silva<\/strong><\/a>\u00a0que fala sobre racismo no ballet cl\u00e1ssico, vale a leitura.<\/p>\n<p><a href=\"http:\/\/revolucaodelas.meiacincodez.com.br\/\" target=\"_blank\"><strong>65\/10<\/strong><\/a><br \/>\nCriado por publicit\u00e1rias, o projeto atua com pesquisa de mercado e mostra quem \u00e9 a mulher. Tem esse nome baseado na pesquisa do Instituto Patr\u00edcia Galv\u00e3o em que\u00a065% das mulheres\u00a0afirmam\u00a0n\u00e3o se ver representadas pela\u00a0propaganda. Os 10% s\u00e3o a propor\u00e7\u00e3o de\u00a0mulheres nos departamentos de cria\u00e7\u00e3o em ag\u00eancias de propaganda. Eu sou publicit\u00e1ria e sei como esse mercado \u00e9 cruel com as mulheres. O report <strong>A Revolu\u00e7\u00e3o Delas<\/strong> \u00e9 interessant\u00edssimo para todos que trabalham com publicidade, produ\u00e7\u00e3o de conte\u00fado e tamb\u00e9m para todas as mulheres.<\/p>\n<p><a href=\"http:\/\/www.geledes.org.br\/\" target=\"_blank\"><strong>G\u00e9ledes<\/strong><\/a><br \/>\nO Geled\u00e9s &#8211; Instituto da Mulher Negra luta contra o racismo, machismo e opress\u00e3o\u00a0desde 1988!\u00a0Com foco na mulher negra, mas sem esquecer da comunidade negra como um todo, traz muitos debates sobre\u00a0direitos humanos, educa\u00e7\u00e3o, sa\u00fade, comunica\u00e7\u00e3o, mercado de trabalho e pol\u00edticas p\u00fablicas. A diretoria \u00e9 formada por mulheres negras que entendem muito bem do que falam e tamb\u00e9m conta com a colabora\u00e7\u00e3o de homens e mulheres negros e brancos. O trabalho deles buscando a divulga\u00e7\u00e3o de dados e emponderamento da mulher negra \u00e9 lindo!<\/p>\n<p><a href=\"%20https:\/\/www.facebook.com\/movimentovamosjuntas\/\" target=\"_blank\"><strong>Vamos Juntas<\/strong><\/a><br \/>\nO Vamos Juntas \u00e9 uma iniciativa muito bonita que surgiu da experi\u00eancia que todas as mulheres passam ao caminhar sozinhas: medo da viol\u00eancia urbana\u00a0e do ass\u00e9dio sexual. A proposta \u00e9 que mulheres se acompanhem e ofere\u00e7am ajuda quando presenciarem uma mana em situa\u00e7\u00e3o de risco, combinem para fazer os mesmos trajetos e fiquem juntas &lt;3 A p\u00e1gina tem lindos relatos de mulheres que ofereceram ajuda e de quem foi apoiada por desconhecidas.<\/p>\n<p><a href=\"https:\/\/www.facebook.com\/kaolcaradeboi\/\" target=\"_blank\"><strong>Kaol Porfirio<\/strong><\/a><br \/>\nA\u00a0ilustradora Kaol Porfirio tem um\u00a0projeto maravilhoso, o\u00a0<strong>Fight Like a Girl<\/strong>\u00a0que faz uma releitura de mulheres dos filmes, games, quadrinhos e outros \u00edcones da cultura pop que mostram que a express\u00e3o &#8216;lutar como uma menina&#8217; \u00e9 motivo de orgulho! Sempre acompanhadas da descri\u00e7\u00e3o da personagem e motivo pelo qual ela um bom exemplo de mulher. A imagem abaixo \u00e9 dela \ud83d\ude42<\/p>\n<p><img data-recalc-dims=\"1\" loading=\"lazy\" decoding=\"async\" class=\" size-full wp-image-2578 aligncenter\" src=\"https:\/\/i0.wp.com\/vaimenina.com.br\/blog\/wp-content\/uploads\/2016\/03\/kaol.png?resize=383%2C395\" alt=\"kaol\" width=\"383\" height=\"395\" srcset=\"https:\/\/i0.wp.com\/vaimenina.com.br\/blog\/wp-content\/uploads\/2016\/03\/kaol.png?w=383&amp;ssl=1 383w, https:\/\/i0.wp.com\/vaimenina.com.br\/blog\/wp-content\/uploads\/2016\/03\/kaol.png?resize=291%2C300&amp;ssl=1 291w\" sizes=\"(max-width: 383px) 100vw, 383px\" \/><\/p>\n<p>Para finalizar, uma pequena reflex\u00e3o minha,com meus desejos para todos os dias:<\/p>\n<blockquote><p>Que as mulheres tenham respeitado seu direito de n\u00e3o &#8216;gerar a vida&#8217; pois n\u00e3o precisam de filho para serem completas.<br \/>\nQue tenham respeitado o direito de morarem sozinhas, viajarem sozinhas, jantarem sozinhas, andar sem medo sozinhas, pois n\u00e3o precisam de homens para proteg\u00ea-las.<br \/>\nQue tenham o direito de falar por si,<br \/>\nQue a culpa por serem agredidas n\u00e3o recaia sobe outras mulheres. M\u00e3e, se sua filha foi violentada a culpa \u00e9 do agressor, n\u00e3o dela ou sua.<br \/>\nQue possam usar a roupa que quiserem, sem que isso seja um convite.<br \/>\nQue possam decidir a cor das unhas, do batom e o comprimento do cabelo ou saia sem que isso seja a classifique como f\u00e1cil de se envolver.<br \/>\nQue tenham uma vida afetiva e sexual saud\u00e1vel, se relacione com quem desejarem e n\u00e3o sejam coagidas por parceiros a fazer o que n\u00e3o querem. Que suas pr\u00e1ticas n\u00e3o as taxem de prom\u00edscua ou fr\u00edgida, nem nenhuma das tantas ofensas sexuais.<br \/>\nQue as mulheres sejam livres para serem o que tem vontade, mudarem quando for necess\u00e1rio e se libertarem do que oprime.<\/p><\/blockquote>\n<p>Essa data n\u00e3o \u00e9 festa, \u00e9 lembran\u00e7a das que lutaram para conquistar nossos direitos, pagando muitas vezes com seu sangue, e inspira\u00e7\u00e3o para que continuemos fortes e corajosas, buscando o que \u00e9 nosso direito: a liberdade e o respeito.<\/p>\n<p>Voc\u00ea tem\u00a0blogs que falam de feminismo para me indicar? Deixe nos coment\u00e1rios, vou adorar conversar sobre esse tema.<br \/>\nBeijos, e at\u00e9 o pr\u00f3ximo post!<\/p>\n<div class=\"pntrst_main_before_after\"><\/div>","protected":false},"excerpt":{"rendered":"<p>Follow me Ol\u00e1 meninas! Hoje eu decidi fazer uma segunda parte do post do ano passado para o dia 08 de mar\u00e7o, o\u00a0Blogs Que Falam de Feminismo.\u00a0S\u00e3o\u00a0mais op\u00e7\u00f5es para conhecer\u00a0sobre esse tema que me interessa tanto e \u00e9 t\u00e3o necess\u00e1rio no nosso dia a dia. Revista Capitolina Uma revista independente e online, feita para ajudar [&hellip;]<\/p>\n","protected":false},"author":1,"featured_media":2576,"comment_status":"open","ping_status":"open","sticky":false,"template":"","format":"standard","meta":{"_exactmetrics_skip_tracking":false,"_exactmetrics_sitenote_active":false,"_exactmetrics_sitenote_note":"","_exactmetrics_sitenote_category":0,"jetpack_post_was_ever_published":false,"_jetpack_newsletter_access":"","_jetpack_dont_email_post_to_subs":false,"_jetpack_newsletter_tier_id":0,"_jetpack_memberships_contains_paywalled_content":false,"_jetpack_memberships_contains_paid_content":false,"footnotes":"","jetpack_publicize_message":"","jetpack_publicize_feature_enabled":true,"jetpack_social_post_already_shared":true,"jetpack_social_options":{"image_generator_settings":{"template":"highway","enabled":false},"version":2}},"categories":[6],"tags":[94,252,93,92],"class_list":["post-2568","post","type-post","status-publish","format-standard","has-post-thumbnail","hentry","category-inspiracao","tag-blogs-feministas","tag-dia-da-mulher","tag-feminismo","tag-semana-da-mulher"],"jetpack_publicize_connections":[],"yoast_head":"<!-- This site is optimized with the Yoast SEO plugin v23.5 - https:\/\/yoast.com\/wordpress\/plugins\/seo\/ -->\n<title>Dia da Mulher - Blogs Que Falam de Feminismo parte 2 - Vai Menina<\/title>\n<meta name=\"robots\" content=\"index, follow, max-snippet:-1, max-image-preview:large, max-video-preview:-1\" \/>\n<link rel=\"canonical\" href=\"https:\/\/vaimenina.com.br\/blog\/dia-da-mulher-blogs-que-falam-de-feminismo-parte-2\/\" \/>\n<meta property=\"og:locale\" content=\"pt_BR\" \/>\n<meta property=\"og:type\" content=\"article\" \/>\n<meta property=\"og:title\" content=\"Dia da Mulher - Blogs Que Falam de Feminismo parte 2 - Vai Menina\" \/>\n<meta property=\"og:description\" content=\"Follow me Ol\u00e1 meninas! Hoje eu decidi fazer uma segunda parte do post do ano passado para o dia 08 de mar\u00e7o, o\u00a0Blogs Que Falam de Feminismo.\u00a0S\u00e3o\u00a0mais op\u00e7\u00f5es para conhecer\u00a0sobre esse tema que me interessa tanto e \u00e9 t\u00e3o necess\u00e1rio no nosso dia a dia. Revista Capitolina Uma revista independente e online, feita para ajudar [&hellip;]\" \/>\n<meta property=\"og:url\" content=\"https:\/\/vaimenina.com.br\/blog\/dia-da-mulher-blogs-que-falam-de-feminismo-parte-2\/\" \/>\n<meta property=\"og:site_name\" content=\"Vai Menina\" \/>\n<meta property=\"article:publisher\" content=\"https:\/\/www.facebook.com\/vaimenina\/\" \/>\n<meta property=\"article:published_time\" content=\"2016-03-09T00:49:44+00:00\" \/>\n<meta property=\"article:modified_time\" content=\"2016-03-09T00:54:27+00:00\" \/>\n<meta property=\"og:image\" content=\"https:\/\/i0.wp.com\/vaimenina.com.br\/blog\/wp-content\/uploads\/2016\/03\/Blogs-que-falam-de-Feminismo-vaimenina-2016.jpg?fit=1800%2C1009&ssl=1\" \/>\n\t<meta property=\"og:image:width\" content=\"1800\" \/>\n\t<meta property=\"og:image:height\" content=\"1009\" \/>\n\t<meta property=\"og:image:type\" content=\"image\/jpeg\" \/>\n<meta name=\"author\" content=\"J\u00e9ssica Ambr\u00f3sio\" \/>\n<meta name=\"twitter:label1\" content=\"Escrito por\" \/>\n\t<meta name=\"twitter:data1\" content=\"J\u00e9ssica Ambr\u00f3sio\" \/>\n\t<meta name=\"twitter:label2\" content=\"Est. tempo de leitura\" \/>\n\t<meta name=\"twitter:data2\" content=\"4 minutos\" \/>\n<script type=\"application\/ld+json\" class=\"yoast-schema-graph\">{\"@context\":\"https:\/\/schema.org\",\"@graph\":[{\"@type\":\"WebPage\",\"@id\":\"https:\/\/vaimenina.com.br\/blog\/dia-da-mulher-blogs-que-falam-de-feminismo-parte-2\/\",\"url\":\"https:\/\/vaimenina.com.br\/blog\/dia-da-mulher-blogs-que-falam-de-feminismo-parte-2\/\",\"name\":\"Dia da Mulher - Blogs Que Falam de Feminismo parte 2 - Vai Menina\",\"isPartOf\":{\"@id\":\"https:\/\/vaimenina.com.br\/blog\/#website\"},\"primaryImageOfPage\":{\"@id\":\"https:\/\/vaimenina.com.br\/blog\/dia-da-mulher-blogs-que-falam-de-feminismo-parte-2\/#primaryimage\"},\"image\":{\"@id\":\"https:\/\/vaimenina.com.br\/blog\/dia-da-mulher-blogs-que-falam-de-feminismo-parte-2\/#primaryimage\"},\"thumbnailUrl\":\"https:\/\/i0.wp.com\/vaimenina.com.br\/blog\/wp-content\/uploads\/2016\/03\/Blogs-que-falam-de-Feminismo-vaimenina-2016.jpg?fit=1800%2C1009&ssl=1\",\"datePublished\":\"2016-03-09T00:49:44+00:00\",\"dateModified\":\"2016-03-09T00:54:27+00:00\",\"author\":{\"@id\":\"https:\/\/vaimenina.com.br\/blog\/#\/schema\/person\/1bb0854ebc4c892c2d934c1682a715e5\"},\"breadcrumb\":{\"@id\":\"https:\/\/vaimenina.com.br\/blog\/dia-da-mulher-blogs-que-falam-de-feminismo-parte-2\/#breadcrumb\"},\"inLanguage\":\"pt-BR\",\"potentialAction\":[{\"@type\":\"ReadAction\",\"target\":[\"https:\/\/vaimenina.com.br\/blog\/dia-da-mulher-blogs-que-falam-de-feminismo-parte-2\/\"]}]},{\"@type\":\"ImageObject\",\"inLanguage\":\"pt-BR\",\"@id\":\"https:\/\/vaimenina.com.br\/blog\/dia-da-mulher-blogs-que-falam-de-feminismo-parte-2\/#primaryimage\",\"url\":\"https:\/\/i0.wp.com\/vaimenina.com.br\/blog\/wp-content\/uploads\/2016\/03\/Blogs-que-falam-de-Feminismo-vaimenina-2016.jpg?fit=1800%2C1009&ssl=1\",\"contentUrl\":\"https:\/\/i0.wp.com\/vaimenina.com.br\/blog\/wp-content\/uploads\/2016\/03\/Blogs-que-falam-de-Feminismo-vaimenina-2016.jpg?fit=1800%2C1009&ssl=1\",\"width\":1800,\"height\":1009,\"caption\":\"http:\/\/vaimenina.com.br\/blog\/wp-content\/uploads\/2016\/03\/Blogs-que-falam-de-Feminismo-vaimenina-2016\"},{\"@type\":\"BreadcrumbList\",\"@id\":\"https:\/\/vaimenina.com.br\/blog\/dia-da-mulher-blogs-que-falam-de-feminismo-parte-2\/#breadcrumb\",\"itemListElement\":[{\"@type\":\"ListItem\",\"position\":1,\"name\":\"In\u00edcio\",\"item\":\"https:\/\/vaimenina.com.br\/blog\/\"},{\"@type\":\"ListItem\",\"position\":2,\"name\":\"Dia da Mulher &#8211; Blogs Que Falam de Feminismo parte 2\"}]},{\"@type\":\"WebSite\",\"@id\":\"https:\/\/vaimenina.com.br\/blog\/#website\",\"url\":\"https:\/\/vaimenina.com.br\/blog\/\",\"name\":\"Vai Menina\",\"description\":\"Viagens, ballet, cabelo, comportamento e mais...\",\"potentialAction\":[{\"@type\":\"SearchAction\",\"target\":{\"@type\":\"EntryPoint\",\"urlTemplate\":\"https:\/\/vaimenina.com.br\/blog\/?s={search_term_string}\"},\"query-input\":{\"@type\":\"PropertyValueSpecification\",\"valueRequired\":true,\"valueName\":\"search_term_string\"}}],\"inLanguage\":\"pt-BR\"},{\"@type\":\"Person\",\"@id\":\"https:\/\/vaimenina.com.br\/blog\/#\/schema\/person\/1bb0854ebc4c892c2d934c1682a715e5\",\"name\":\"J\u00e9ssica Ambr\u00f3sio\",\"image\":{\"@type\":\"ImageObject\",\"inLanguage\":\"pt-BR\",\"@id\":\"https:\/\/vaimenina.com.br\/blog\/#\/schema\/person\/image\/\",\"url\":\"https:\/\/secure.gravatar.com\/avatar\/be6d47f8502242c8b858a32c7dfc6d39?s=96&d=mm&r=g\",\"contentUrl\":\"https:\/\/secure.gravatar.com\/avatar\/be6d47f8502242c8b858a32c7dfc6d39?s=96&d=mm&r=g\",\"caption\":\"J\u00e9ssica Ambr\u00f3sio\"},\"description\":\"Publicit\u00e1ria, bailarina e cacheada. Adoro escrever e estou descobrindo as del\u00edcias de viajar. Tudo no custo-ben\u00ea, claro.\",\"sameAs\":[\"http:\/\/vaimenina.com.br\"],\"url\":\"https:\/\/vaimenina.com.br\/blog\/author\/jeh-ambrosiogmail-com\/\"}]}<\/script>\n<!-- \/ Yoast SEO plugin. -->","yoast_head_json":{"title":"Dia da Mulher - Blogs Que Falam de Feminismo parte 2 - Vai Menina","robots":{"index":"index","follow":"follow","max-snippet":"max-snippet:-1","max-image-preview":"max-image-preview:large","max-video-preview":"max-video-preview:-1"},"canonical":"https:\/\/vaimenina.com.br\/blog\/dia-da-mulher-blogs-que-falam-de-feminismo-parte-2\/","og_locale":"pt_BR","og_type":"article","og_title":"Dia da Mulher - Blogs Que Falam de Feminismo parte 2 - Vai Menina","og_description":"Follow me Ol\u00e1 meninas! Hoje eu decidi fazer uma segunda parte do post do ano passado para o dia 08 de mar\u00e7o, o\u00a0Blogs Que Falam de Feminismo.\u00a0S\u00e3o\u00a0mais op\u00e7\u00f5es para conhecer\u00a0sobre esse tema que me interessa tanto e \u00e9 t\u00e3o necess\u00e1rio no nosso dia a dia. Revista Capitolina Uma revista independente e online, feita para ajudar [&hellip;]","og_url":"https:\/\/vaimenina.com.br\/blog\/dia-da-mulher-blogs-que-falam-de-feminismo-parte-2\/","og_site_name":"Vai Menina","article_publisher":"https:\/\/www.facebook.com\/vaimenina\/","article_published_time":"2016-03-09T00:49:44+00:00","article_modified_time":"2016-03-09T00:54:27+00:00","og_image":[{"width":1800,"height":1009,"url":"https:\/\/i0.wp.com\/vaimenina.com.br\/blog\/wp-content\/uploads\/2016\/03\/Blogs-que-falam-de-Feminismo-vaimenina-2016.jpg?fit=1800%2C1009&ssl=1","type":"image\/jpeg"}],"author":"J\u00e9ssica Ambr\u00f3sio","twitter_misc":{"Escrito por":"J\u00e9ssica Ambr\u00f3sio","Est. tempo de leitura":"4 minutos"},"schema":{"@context":"https:\/\/schema.org","@graph":[{"@type":"WebPage","@id":"https:\/\/vaimenina.com.br\/blog\/dia-da-mulher-blogs-que-falam-de-feminismo-parte-2\/","url":"https:\/\/vaimenina.com.br\/blog\/dia-da-mulher-blogs-que-falam-de-feminismo-parte-2\/","name":"Dia da Mulher - Blogs Que Falam de Feminismo parte 2 - Vai Menina","isPartOf":{"@id":"https:\/\/vaimenina.com.br\/blog\/#website"},"primaryImageOfPage":{"@id":"https:\/\/vaimenina.com.br\/blog\/dia-da-mulher-blogs-que-falam-de-feminismo-parte-2\/#primaryimage"},"image":{"@id":"https:\/\/vaimenina.com.br\/blog\/dia-da-mulher-blogs-que-falam-de-feminismo-parte-2\/#primaryimage"},"thumbnailUrl":"https:\/\/i0.wp.com\/vaimenina.com.br\/blog\/wp-content\/uploads\/2016\/03\/Blogs-que-falam-de-Feminismo-vaimenina-2016.jpg?fit=1800%2C1009&ssl=1","datePublished":"2016-03-09T00:49:44+00:00","dateModified":"2016-03-09T00:54:27+00:00","author":{"@id":"https:\/\/vaimenina.com.br\/blog\/#\/schema\/person\/1bb0854ebc4c892c2d934c1682a715e5"},"breadcrumb":{"@id":"https:\/\/vaimenina.com.br\/blog\/dia-da-mulher-blogs-que-falam-de-feminismo-parte-2\/#breadcrumb"},"inLanguage":"pt-BR","potentialAction":[{"@type":"ReadAction","target":["https:\/\/vaimenina.com.br\/blog\/dia-da-mulher-blogs-que-falam-de-feminismo-parte-2\/"]}]},{"@type":"ImageObject","inLanguage":"pt-BR","@id":"https:\/\/vaimenina.com.br\/blog\/dia-da-mulher-blogs-que-falam-de-feminismo-parte-2\/#primaryimage","url":"https:\/\/i0.wp.com\/vaimenina.com.br\/blog\/wp-content\/uploads\/2016\/03\/Blogs-que-falam-de-Feminismo-vaimenina-2016.jpg?fit=1800%2C1009&ssl=1","contentUrl":"https:\/\/i0.wp.com\/vaimenina.com.br\/blog\/wp-content\/uploads\/2016\/03\/Blogs-que-falam-de-Feminismo-vaimenina-2016.jpg?fit=1800%2C1009&ssl=1","width":1800,"height":1009,"caption":"http:\/\/vaimenina.com.br\/blog\/wp-content\/uploads\/2016\/03\/Blogs-que-falam-de-Feminismo-vaimenina-2016"},{"@type":"BreadcrumbList","@id":"https:\/\/vaimenina.com.br\/blog\/dia-da-mulher-blogs-que-falam-de-feminismo-parte-2\/#breadcrumb","itemListElement":[{"@type":"ListItem","position":1,"name":"In\u00edcio","item":"https:\/\/vaimenina.com.br\/blog\/"},{"@type":"ListItem","position":2,"name":"Dia da Mulher &#8211; Blogs Que Falam de Feminismo parte 2"}]},{"@type":"WebSite","@id":"https:\/\/vaimenina.com.br\/blog\/#website","url":"https:\/\/vaimenina.com.br\/blog\/","name":"Vai Menina","description":"Viagens, ballet, cabelo, comportamento e mais...","potentialAction":[{"@type":"SearchAction","target":{"@type":"EntryPoint","urlTemplate":"https:\/\/vaimenina.com.br\/blog\/?s={search_term_string}"},"query-input":{"@type":"PropertyValueSpecification","valueRequired":true,"valueName":"search_term_string"}}],"inLanguage":"pt-BR"},{"@type":"Person","@id":"https:\/\/vaimenina.com.br\/blog\/#\/schema\/person\/1bb0854ebc4c892c2d934c1682a715e5","name":"J\u00e9ssica Ambr\u00f3sio","image":{"@type":"ImageObject","inLanguage":"pt-BR","@id":"https:\/\/vaimenina.com.br\/blog\/#\/schema\/person\/image\/","url":"https:\/\/secure.gravatar.com\/avatar\/be6d47f8502242c8b858a32c7dfc6d39?s=96&d=mm&r=g","contentUrl":"https:\/\/secure.gravatar.com\/avatar\/be6d47f8502242c8b858a32c7dfc6d39?s=96&d=mm&r=g","caption":"J\u00e9ssica Ambr\u00f3sio"},"description":"Publicit\u00e1ria, bailarina e cacheada. Adoro escrever e estou descobrindo as del\u00edcias de viajar. Tudo no custo-ben\u00ea, claro.","sameAs":["http:\/\/vaimenina.com.br"],"url":"https:\/\/vaimenina.com.br\/blog\/author\/jeh-ambrosiogmail-com\/"}]}},"jetpack_featured_media_url":"https:\/\/i0.wp.com\/vaimenina.com.br\/blog\/wp-content\/uploads\/2016\/03\/Blogs-que-falam-de-Feminismo-vaimenina-2016.jpg?fit=1800%2C1009&ssl=1","jetpack_sharing_enabled":true,"jetpack_shortlink":"https:\/\/wp.me\/p5GGJf-Fq","_links":{"self":[{"href":"https:\/\/vaimenina.com.br\/blog\/wp-json\/wp\/v2\/posts\/2568"}],"collection":[{"href":"https:\/\/vaimenina.com.br\/blog\/wp-json\/wp\/v2\/posts"}],"about":[{"href":"https:\/\/vaimenina.com.br\/blog\/wp-json\/wp\/v2\/types\/post"}],"author":[{"embeddable":true,"href":"https:\/\/vaimenina.com.br\/blog\/wp-json\/wp\/v2\/users\/1"}],"replies":[{"embeddable":true,"href":"https:\/\/vaimenina.com.br\/blog\/wp-json\/wp\/v2\/comments?post=2568"}],"version-history":[{"count":12,"href":"https:\/\/vaimenina.com.br\/blog\/wp-json\/wp\/v2\/posts\/2568\/revisions"}],"predecessor-version":[{"id":2593,"href":"https:\/\/vaimenina.com.br\/blog\/wp-json\/wp\/v2\/posts\/2568\/revisions\/2593"}],"wp:featuredmedia":[{"embeddable":true,"href":"https:\/\/vaimenina.com.br\/blog\/wp-json\/wp\/v2\/media\/2576"}],"wp:attachment":[{"href":"https:\/\/vaimenina.com.br\/blog\/wp-json\/wp\/v2\/media?parent=2568"}],"wp:term":[{"taxonomy":"category","embeddable":true,"href":"https:\/\/vaimenina.com.br\/blog\/wp-json\/wp\/v2\/categories?post=2568"},{"taxonomy":"post_tag","embeddable":true,"href":"https:\/\/vaimenina.com.br\/blog\/wp-json\/wp\/v2\/tags?post=2568"}],"curies":[{"name":"wp","href":"https:\/\/api.w.org\/{rel}","templated":true}]}}