{"id":3036,"date":"2016-06-27T02:23:05","date_gmt":"2016-06-27T05:23:05","guid":{"rendered":"http:\/\/vaimenina.com.br\/blog\/?p=3036"},"modified":"2018-07-04T02:24:23","modified_gmt":"2018-07-04T05:24:23","slug":"meus-preferidos-batons-da-avon","status":"publish","type":"post","link":"https:\/\/vaimenina.com.br\/blog\/meus-preferidos-batons-da-avon\/","title":{"rendered":"Meus preferidos: Batons da Avon"},"content":{"rendered":"<div class=\"pntrst_main_before_after\"><div class=\"pntrst-button-wrap \" >\n\t\t\t\t\t\t\t<a  data-pin-do=\"buttonFollow\" href=\"https:\/\/www.pinterest.com\/vaimenina\/\">Follow me<\/a>\n\t\t\t\t\t\t<\/div><\/div><p>Um post de make com o selo custo-ben\u00ea: <strong>batons da Avon<\/strong>. Eu ando numa fase de batons. Percebi que por mais cansada que aparente, um cor vibrante muda meu rosto e me deixa at\u00e9 mais animada. No post de hoje vou compartilhar com voc\u00eas as cores que mais tenho usado e s\u00e3o super acess\u00edveis, os batons da Avon. Como esquecer\u00a0da m\u00e3e comprando por cat\u00e1logo? Tem at\u00e9 um<strong><a href=\"https:\/\/www.buzzfeed.com\/manuelabarem\/26-lembrancas-que-so-um-catalogo-da-avon-pode-levar-para-a-s\"> link do Buzzfeed <\/a><\/strong>com essas mem\u00f3rias! Os produtos de make da marca est\u00e3o com uma \u00f3tima qualidade e os pre\u00e7os s\u00e3o bons. Al\u00e9m disso, a marca tem se posicionado contra a LGBTfobia voc\u00eas viram a campanha de outubro rosa com a Candy Mel, mulher trans e vocalista da Banda U\u00f3 (amo!). Bom, vamos para as cores. Tem matte, tem cremoso, tem marrom e at\u00e9 roxo!<\/p>\n<p><img data-recalc-dims=\"1\" loading=\"lazy\" decoding=\"async\" class=\"size-full wp-image-3174 aligncenter\" src=\"https:\/\/i0.wp.com\/vaimenina.com.br\/blog\/wp-content\/uploads\/2016\/09\/Meus-preferidos-Batons-da-Avon.jpg?resize=778%2C506\" alt=\"meus-preferidos-batons-da-avon\" width=\"778\" height=\"506\" srcset=\"https:\/\/i0.wp.com\/vaimenina.com.br\/blog\/wp-content\/uploads\/2016\/09\/Meus-preferidos-Batons-da-Avon.jpg?w=778&amp;ssl=1 778w, https:\/\/i0.wp.com\/vaimenina.com.br\/blog\/wp-content\/uploads\/2016\/09\/Meus-preferidos-Batons-da-Avon.jpg?resize=768%2C499&amp;ssl=1 768w, https:\/\/i0.wp.com\/vaimenina.com.br\/blog\/wp-content\/uploads\/2016\/09\/Meus-preferidos-Batons-da-Avon.jpg?resize=300%2C195&amp;ssl=1 300w\" sizes=\"(max-width: 778px) 100vw, 778px\" \/><\/p>\n<p><strong>Vamp<\/strong><br \/>\nEsse eu j\u00e1 fiz resenha <a href=\"http:\/\/vaimenina.com.br\/blog\/resenha-batom-vamp-da-avon-look-com-batom-roxo-para-casamento\/\"><strong>aqui no blog<\/strong><\/a>. Ele \u00e9 muito parecido com o Cyber, da Mac mas a textura \u00e9 bem cremosa. Eu uso o truque de construir camadas com p\u00f3 compacto para deixar a cobertura mais sequinha e aumentar a fixa\u00e7\u00e3o.<\/p>\n<p><strong>Marrom Intenso<\/strong><br \/>\nVibe anos 90 total! Essa cor \u00e9 linda e bem pigmentada, escolha perfeita para makes dram\u00e1ticas, neutras e nada \u00f3bvias.<\/p>\n<p><strong>Linha ultamatte Avon<\/strong><br \/>\nQuando experimentei pela primeira vez fiquei surpresa! Tenho os l\u00e1bios ressecados e fico com medinho dessas texturas que deixam a pele ainda mais seca, mas a aplica\u00e7\u00e3o deles \u00e9 muito confort\u00e1vel, um matte que n\u00e3o leva toda a hidrata\u00e7\u00e3o da sua vida com ele.<\/p>\n<p><strong>Cereja<\/strong><br \/>\nUm vermelho bem escuro, misterioso, de mulher segura e dona de si. Ele dura muito na boca, fiquei encantada quando vi uma amiga da firma voltando do almo\u00e7o com a cor praticamente intacta. \u00c9 legal para uma festa, em que voc\u00ea n\u00e3o quer ficar conferindo o tempo todo.<\/p>\n<p><strong>Framboesa<\/strong><br \/>\nFoi o primeiro que provei da linha ultramatte\u00a0e amei esse\u00a0rosa de fundo quente\u00a0que\u00a0lembra os bot\u00f5es de &#8216;leia tudo&#8217; aqui do blog. Mesmo usando pouco rosa na boca, adorei esse e j\u00e1 faz parte do meu dia-a-dia.<\/p>\n<p><strong>P\u00eassego<\/strong><br \/>\nEu estava desejando um batom coral h\u00e1 algum tempo. Comprei esse pensando tamb\u00e9m na\u00a0minha irm\u00e3, que adora tons de laranja, usar na formatura. Eu que fiz a maquiagem dela e esse batom ficou perfeito\u00a0com o vestido de mesma cor. \u00c9 alegrinho e lembra os dias quentes do\u00a0ver\u00e3o.<\/p>\n<p>Recomendo todas as cores, e se voc\u00ea ainda n\u00e3o testou nada da linha ultramatte, corre pra comprar! Esses\u00a0batons da Avon valem muito a pena e tem o selinho Custo-benef\u00edcio da J\u00e9 \ud83d\ude42<\/p>\n<p>Beijos e at\u00e9 o pr\u00f3ximo post!<\/p>\n<div class=\"pntrst_main_before_after\"><\/div>","protected":false},"excerpt":{"rendered":"<p>Follow me Um post de make com o selo custo-ben\u00ea: batons da Avon. Eu ando numa fase de batons. Percebi que por mais cansada que aparente, um cor vibrante muda meu rosto e me deixa at\u00e9 mais animada. No post de hoje vou compartilhar com voc\u00eas as cores que mais tenho usado e s\u00e3o super [&hellip;]<\/p>\n","protected":false},"author":1,"featured_media":3173,"comment_status":"open","ping_status":"open","sticky":false,"template":"","format":"standard","meta":{"_exactmetrics_skip_tracking":false,"_exactmetrics_sitenote_active":false,"_exactmetrics_sitenote_note":"","_exactmetrics_sitenote_category":0,"jetpack_post_was_ever_published":false,"_jetpack_newsletter_access":"","_jetpack_dont_email_post_to_subs":false,"_jetpack_newsletter_tier_id":0,"_jetpack_memberships_contains_paywalled_content":false,"_jetpack_memberships_contains_paid_content":false,"footnotes":"","jetpack_publicize_message":"","jetpack_publicize_feature_enabled":true,"jetpack_social_post_already_shared":true,"jetpack_social_options":{"image_generator_settings":{"template":"highway","enabled":false},"version":2}},"categories":[263,10],"tags":[310,311],"class_list":["post-3036","post","type-post","status-publish","format-standard","has-post-thumbnail","hentry","category-maquiagem","category-resenha-2","tag-avon","tag-batom"],"jetpack_publicize_connections":[],"yoast_head":"<!-- This site is optimized with the Yoast SEO plugin v23.5 - https:\/\/yoast.com\/wordpress\/plugins\/seo\/ -->\n<title>Meus preferidos: Batons da Avon - Vai Menina<\/title>\n<meta name=\"description\" content=\"Resenha dos meus batons da Avon preferidos. Conhe\u00e7a as textura matte e cremosa em cores cl\u00e1ssicas como o vermelho e rosa e ousadas como o marrom e roxo.\" \/>\n<meta name=\"robots\" content=\"index, follow, max-snippet:-1, max-image-preview:large, max-video-preview:-1\" \/>\n<link rel=\"canonical\" href=\"https:\/\/vaimenina.com.br\/blog\/meus-preferidos-batons-da-avon\/\" \/>\n<meta property=\"og:locale\" content=\"pt_BR\" \/>\n<meta property=\"og:type\" content=\"article\" \/>\n<meta property=\"og:title\" content=\"Meus preferidos: Batons da Avon - Vai Menina\" \/>\n<meta property=\"og:description\" content=\"Resenha dos meus batons da Avon preferidos. Conhe\u00e7a as textura matte e cremosa em cores cl\u00e1ssicas como o vermelho e rosa e ousadas como o marrom e roxo.\" \/>\n<meta property=\"og:url\" content=\"https:\/\/vaimenina.com.br\/blog\/meus-preferidos-batons-da-avon\/\" \/>\n<meta property=\"og:site_name\" content=\"Vai Menina\" \/>\n<meta property=\"article:publisher\" content=\"https:\/\/www.facebook.com\/vaimenina\/\" \/>\n<meta property=\"article:published_time\" content=\"2016-06-27T05:23:05+00:00\" \/>\n<meta property=\"article:modified_time\" content=\"2018-07-04T05:24:23+00:00\" \/>\n<meta property=\"og:image\" content=\"https:\/\/i0.wp.com\/vaimenina.com.br\/blog\/wp-content\/uploads\/2016\/09\/batons-preferidos-avon-vai-menina.jpg?fit=1080%2C600&ssl=1\" \/>\n\t<meta property=\"og:image:width\" content=\"1080\" \/>\n\t<meta property=\"og:image:height\" content=\"600\" \/>\n\t<meta property=\"og:image:type\" content=\"image\/jpeg\" \/>\n<meta name=\"author\" content=\"J\u00e9ssica Ambr\u00f3sio\" \/>\n<meta name=\"twitter:label1\" content=\"Escrito por\" \/>\n\t<meta name=\"twitter:data1\" content=\"J\u00e9ssica Ambr\u00f3sio\" \/>\n\t<meta name=\"twitter:label2\" content=\"Est. tempo de leitura\" \/>\n\t<meta name=\"twitter:data2\" content=\"2 minutos\" \/>\n<script type=\"application\/ld+json\" class=\"yoast-schema-graph\">{\"@context\":\"https:\/\/schema.org\",\"@graph\":[{\"@type\":\"WebPage\",\"@id\":\"https:\/\/vaimenina.com.br\/blog\/meus-preferidos-batons-da-avon\/\",\"url\":\"https:\/\/vaimenina.com.br\/blog\/meus-preferidos-batons-da-avon\/\",\"name\":\"Meus preferidos: Batons da Avon - Vai Menina\",\"isPartOf\":{\"@id\":\"https:\/\/vaimenina.com.br\/blog\/#website\"},\"primaryImageOfPage\":{\"@id\":\"https:\/\/vaimenina.com.br\/blog\/meus-preferidos-batons-da-avon\/#primaryimage\"},\"image\":{\"@id\":\"https:\/\/vaimenina.com.br\/blog\/meus-preferidos-batons-da-avon\/#primaryimage\"},\"thumbnailUrl\":\"https:\/\/i0.wp.com\/vaimenina.com.br\/blog\/wp-content\/uploads\/2016\/09\/batons-preferidos-avon-vai-menina.jpg?fit=1080%2C600&ssl=1\",\"datePublished\":\"2016-06-27T05:23:05+00:00\",\"dateModified\":\"2018-07-04T05:24:23+00:00\",\"author\":{\"@id\":\"https:\/\/vaimenina.com.br\/blog\/#\/schema\/person\/1bb0854ebc4c892c2d934c1682a715e5\"},\"description\":\"Resenha dos meus batons da Avon preferidos. Conhe\u00e7a as textura matte e cremosa em cores cl\u00e1ssicas como o vermelho e rosa e ousadas como o marrom e roxo.\",\"breadcrumb\":{\"@id\":\"https:\/\/vaimenina.com.br\/blog\/meus-preferidos-batons-da-avon\/#breadcrumb\"},\"inLanguage\":\"pt-BR\",\"potentialAction\":[{\"@type\":\"ReadAction\",\"target\":[\"https:\/\/vaimenina.com.br\/blog\/meus-preferidos-batons-da-avon\/\"]}]},{\"@type\":\"ImageObject\",\"inLanguage\":\"pt-BR\",\"@id\":\"https:\/\/vaimenina.com.br\/blog\/meus-preferidos-batons-da-avon\/#primaryimage\",\"url\":\"https:\/\/i0.wp.com\/vaimenina.com.br\/blog\/wp-content\/uploads\/2016\/09\/batons-preferidos-avon-vai-menina.jpg?fit=1080%2C600&ssl=1\",\"contentUrl\":\"https:\/\/i0.wp.com\/vaimenina.com.br\/blog\/wp-content\/uploads\/2016\/09\/batons-preferidos-avon-vai-menina.jpg?fit=1080%2C600&ssl=1\",\"width\":1080,\"height\":600,\"caption\":\"batons-preferidos-avon-vai-menina\"},{\"@type\":\"BreadcrumbList\",\"@id\":\"https:\/\/vaimenina.com.br\/blog\/meus-preferidos-batons-da-avon\/#breadcrumb\",\"itemListElement\":[{\"@type\":\"ListItem\",\"position\":1,\"name\":\"In\u00edcio\",\"item\":\"https:\/\/vaimenina.com.br\/blog\/\"},{\"@type\":\"ListItem\",\"position\":2,\"name\":\"Meus preferidos: Batons da Avon\"}]},{\"@type\":\"WebSite\",\"@id\":\"https:\/\/vaimenina.com.br\/blog\/#website\",\"url\":\"https:\/\/vaimenina.com.br\/blog\/\",\"name\":\"Vai Menina\",\"description\":\"Viagens, ballet, cabelo, comportamento e mais...\",\"potentialAction\":[{\"@type\":\"SearchAction\",\"target\":{\"@type\":\"EntryPoint\",\"urlTemplate\":\"https:\/\/vaimenina.com.br\/blog\/?s={search_term_string}\"},\"query-input\":{\"@type\":\"PropertyValueSpecification\",\"valueRequired\":true,\"valueName\":\"search_term_string\"}}],\"inLanguage\":\"pt-BR\"},{\"@type\":\"Person\",\"@id\":\"https:\/\/vaimenina.com.br\/blog\/#\/schema\/person\/1bb0854ebc4c892c2d934c1682a715e5\",\"name\":\"J\u00e9ssica Ambr\u00f3sio\",\"image\":{\"@type\":\"ImageObject\",\"inLanguage\":\"pt-BR\",\"@id\":\"https:\/\/vaimenina.com.br\/blog\/#\/schema\/person\/image\/\",\"url\":\"https:\/\/secure.gravatar.com\/avatar\/be6d47f8502242c8b858a32c7dfc6d39?s=96&d=mm&r=g\",\"contentUrl\":\"https:\/\/secure.gravatar.com\/avatar\/be6d47f8502242c8b858a32c7dfc6d39?s=96&d=mm&r=g\",\"caption\":\"J\u00e9ssica Ambr\u00f3sio\"},\"description\":\"Publicit\u00e1ria, bailarina e cacheada. Adoro escrever e estou descobrindo as del\u00edcias de viajar. Tudo no custo-ben\u00ea, claro.\",\"sameAs\":[\"http:\/\/vaimenina.com.br\"],\"url\":\"https:\/\/vaimenina.com.br\/blog\/author\/jeh-ambrosiogmail-com\/\"}]}<\/script>\n<!-- \/ Yoast SEO plugin. -->","yoast_head_json":{"title":"Meus preferidos: Batons da Avon - Vai Menina","description":"Resenha dos meus batons da Avon preferidos. Conhe\u00e7a as textura matte e cremosa em cores cl\u00e1ssicas como o vermelho e rosa e ousadas como o marrom e roxo.","robots":{"index":"index","follow":"follow","max-snippet":"max-snippet:-1","max-image-preview":"max-image-preview:large","max-video-preview":"max-video-preview:-1"},"canonical":"https:\/\/vaimenina.com.br\/blog\/meus-preferidos-batons-da-avon\/","og_locale":"pt_BR","og_type":"article","og_title":"Meus preferidos: Batons da Avon - Vai Menina","og_description":"Resenha dos meus batons da Avon preferidos. Conhe\u00e7a as textura matte e cremosa em cores cl\u00e1ssicas como o vermelho e rosa e ousadas como o marrom e roxo.","og_url":"https:\/\/vaimenina.com.br\/blog\/meus-preferidos-batons-da-avon\/","og_site_name":"Vai Menina","article_publisher":"https:\/\/www.facebook.com\/vaimenina\/","article_published_time":"2016-06-27T05:23:05+00:00","article_modified_time":"2018-07-04T05:24:23+00:00","og_image":[{"width":1080,"height":600,"url":"https:\/\/i0.wp.com\/vaimenina.com.br\/blog\/wp-content\/uploads\/2016\/09\/batons-preferidos-avon-vai-menina.jpg?fit=1080%2C600&ssl=1","type":"image\/jpeg"}],"author":"J\u00e9ssica Ambr\u00f3sio","twitter_misc":{"Escrito por":"J\u00e9ssica Ambr\u00f3sio","Est. tempo de leitura":"2 minutos"},"schema":{"@context":"https:\/\/schema.org","@graph":[{"@type":"WebPage","@id":"https:\/\/vaimenina.com.br\/blog\/meus-preferidos-batons-da-avon\/","url":"https:\/\/vaimenina.com.br\/blog\/meus-preferidos-batons-da-avon\/","name":"Meus preferidos: Batons da Avon - Vai Menina","isPartOf":{"@id":"https:\/\/vaimenina.com.br\/blog\/#website"},"primaryImageOfPage":{"@id":"https:\/\/vaimenina.com.br\/blog\/meus-preferidos-batons-da-avon\/#primaryimage"},"image":{"@id":"https:\/\/vaimenina.com.br\/blog\/meus-preferidos-batons-da-avon\/#primaryimage"},"thumbnailUrl":"https:\/\/i0.wp.com\/vaimenina.com.br\/blog\/wp-content\/uploads\/2016\/09\/batons-preferidos-avon-vai-menina.jpg?fit=1080%2C600&ssl=1","datePublished":"2016-06-27T05:23:05+00:00","dateModified":"2018-07-04T05:24:23+00:00","author":{"@id":"https:\/\/vaimenina.com.br\/blog\/#\/schema\/person\/1bb0854ebc4c892c2d934c1682a715e5"},"description":"Resenha dos meus batons da Avon preferidos. Conhe\u00e7a as textura matte e cremosa em cores cl\u00e1ssicas como o vermelho e rosa e ousadas como o marrom e roxo.","breadcrumb":{"@id":"https:\/\/vaimenina.com.br\/blog\/meus-preferidos-batons-da-avon\/#breadcrumb"},"inLanguage":"pt-BR","potentialAction":[{"@type":"ReadAction","target":["https:\/\/vaimenina.com.br\/blog\/meus-preferidos-batons-da-avon\/"]}]},{"@type":"ImageObject","inLanguage":"pt-BR","@id":"https:\/\/vaimenina.com.br\/blog\/meus-preferidos-batons-da-avon\/#primaryimage","url":"https:\/\/i0.wp.com\/vaimenina.com.br\/blog\/wp-content\/uploads\/2016\/09\/batons-preferidos-avon-vai-menina.jpg?fit=1080%2C600&ssl=1","contentUrl":"https:\/\/i0.wp.com\/vaimenina.com.br\/blog\/wp-content\/uploads\/2016\/09\/batons-preferidos-avon-vai-menina.jpg?fit=1080%2C600&ssl=1","width":1080,"height":600,"caption":"batons-preferidos-avon-vai-menina"},{"@type":"BreadcrumbList","@id":"https:\/\/vaimenina.com.br\/blog\/meus-preferidos-batons-da-avon\/#breadcrumb","itemListElement":[{"@type":"ListItem","position":1,"name":"In\u00edcio","item":"https:\/\/vaimenina.com.br\/blog\/"},{"@type":"ListItem","position":2,"name":"Meus preferidos: Batons da Avon"}]},{"@type":"WebSite","@id":"https:\/\/vaimenina.com.br\/blog\/#website","url":"https:\/\/vaimenina.com.br\/blog\/","name":"Vai Menina","description":"Viagens, ballet, cabelo, comportamento e mais...","potentialAction":[{"@type":"SearchAction","target":{"@type":"EntryPoint","urlTemplate":"https:\/\/vaimenina.com.br\/blog\/?s={search_term_string}"},"query-input":{"@type":"PropertyValueSpecification","valueRequired":true,"valueName":"search_term_string"}}],"inLanguage":"pt-BR"},{"@type":"Person","@id":"https:\/\/vaimenina.com.br\/blog\/#\/schema\/person\/1bb0854ebc4c892c2d934c1682a715e5","name":"J\u00e9ssica Ambr\u00f3sio","image":{"@type":"ImageObject","inLanguage":"pt-BR","@id":"https:\/\/vaimenina.com.br\/blog\/#\/schema\/person\/image\/","url":"https:\/\/secure.gravatar.com\/avatar\/be6d47f8502242c8b858a32c7dfc6d39?s=96&d=mm&r=g","contentUrl":"https:\/\/secure.gravatar.com\/avatar\/be6d47f8502242c8b858a32c7dfc6d39?s=96&d=mm&r=g","caption":"J\u00e9ssica Ambr\u00f3sio"},"description":"Publicit\u00e1ria, bailarina e cacheada. Adoro escrever e estou descobrindo as del\u00edcias de viajar. Tudo no custo-ben\u00ea, claro.","sameAs":["http:\/\/vaimenina.com.br"],"url":"https:\/\/vaimenina.com.br\/blog\/author\/jeh-ambrosiogmail-com\/"}]}},"jetpack_featured_media_url":"https:\/\/i0.wp.com\/vaimenina.com.br\/blog\/wp-content\/uploads\/2016\/09\/batons-preferidos-avon-vai-menina.jpg?fit=1080%2C600&ssl=1","jetpack_sharing_enabled":true,"jetpack_shortlink":"https:\/\/wp.me\/p5GGJf-MY","_links":{"self":[{"href":"https:\/\/vaimenina.com.br\/blog\/wp-json\/wp\/v2\/posts\/3036"}],"collection":[{"href":"https:\/\/vaimenina.com.br\/blog\/wp-json\/wp\/v2\/posts"}],"about":[{"href":"https:\/\/vaimenina.com.br\/blog\/wp-json\/wp\/v2\/types\/post"}],"author":[{"embeddable":true,"href":"https:\/\/vaimenina.com.br\/blog\/wp-json\/wp\/v2\/users\/1"}],"replies":[{"embeddable":true,"href":"https:\/\/vaimenina.com.br\/blog\/wp-json\/wp\/v2\/comments?post=3036"}],"version-history":[{"count":9,"href":"https:\/\/vaimenina.com.br\/blog\/wp-json\/wp\/v2\/posts\/3036\/revisions"}],"predecessor-version":[{"id":4272,"href":"https:\/\/vaimenina.com.br\/blog\/wp-json\/wp\/v2\/posts\/3036\/revisions\/4272"}],"wp:featuredmedia":[{"embeddable":true,"href":"https:\/\/vaimenina.com.br\/blog\/wp-json\/wp\/v2\/media\/3173"}],"wp:attachment":[{"href":"https:\/\/vaimenina.com.br\/blog\/wp-json\/wp\/v2\/media?parent=3036"}],"wp:term":[{"taxonomy":"category","embeddable":true,"href":"https:\/\/vaimenina.com.br\/blog\/wp-json\/wp\/v2\/categories?post=3036"},{"taxonomy":"post_tag","embeddable":true,"href":"https:\/\/vaimenina.com.br\/blog\/wp-json\/wp\/v2\/tags?post=3036"}],"curies":[{"name":"wp","href":"https:\/\/api.w.org\/{rel}","templated":true}]}}