{"id":3644,"date":"2018-06-13T15:40:14","date_gmt":"2018-06-13T18:40:14","guid":{"rendered":"http:\/\/vaimenina.com.br\/blog\/?p=3644"},"modified":"2018-06-13T15:40:14","modified_gmt":"2018-06-13T18:40:14","slug":"dia-da-noiva-no-hotel","status":"publish","type":"post","link":"https:\/\/vaimenina.com.br\/blog\/dia-da-noiva-no-hotel\/","title":{"rendered":"Meu Dia da Noiva no Hotel #casamentoAndeJeh"},"content":{"rendered":"<div class=\"pntrst_main_before_after\"><div class=\"pntrst-button-wrap \" >\n\t\t\t\t\t\t\t<a  data-pin-do=\"buttonFollow\" href=\"https:\/\/www.pinterest.com\/vaimenina\/\">Follow me<\/a>\n\t\t\t\t\t\t<\/div><\/div><p>Oi pessoal, tudo bem? Decidi voltar com os posts sobre meu casamento, come\u00e7ando com meu dia da noiva no hotel. Eu gostei\u00a0muito de me arrumar em um ambiente tranquilo e com o m\u00ednimo de pessoas necess\u00e1rio, foi como um sopro de calma depois da correria que \u00e9 organizar um casamento onde os noivos se envolvem com tantas coisas. E pra n\u00e3o perder o costume, j\u00e1 adianto que \u00e9 uma \u00f3tima escolha para quem\u00a0quer economizar! Para saber mais desse dia t\u00e3o especial para mim, acompanhe o post. No final eu ainda dou\u00a04 motivos para decidir pelo dia da noiva no hotel \ud83d\ude42<\/p>\n<p><img data-recalc-dims=\"1\" loading=\"lazy\" decoding=\"async\" class=\"alignnone size-full wp-image-4055\" src=\"https:\/\/i0.wp.com\/vaimenina.com.br\/blog\/wp-content\/uploads\/2018\/06\/dia-da-noiva-no-hotel-casamento-vai-menina.jpg?resize=1800%2C1200\" alt=\"dia-da-noiva-no-hotel-casamento-vai-menina\" width=\"1800\" height=\"1200\" srcset=\"https:\/\/i0.wp.com\/vaimenina.com.br\/blog\/wp-content\/uploads\/2018\/06\/dia-da-noiva-no-hotel-casamento-vai-menina.jpg?w=1800&amp;ssl=1 1800w, https:\/\/i0.wp.com\/vaimenina.com.br\/blog\/wp-content\/uploads\/2018\/06\/dia-da-noiva-no-hotel-casamento-vai-menina.jpg?resize=768%2C512&amp;ssl=1 768w, https:\/\/i0.wp.com\/vaimenina.com.br\/blog\/wp-content\/uploads\/2018\/06\/dia-da-noiva-no-hotel-casamento-vai-menina.jpg?resize=1080%2C720&amp;ssl=1 1080w, https:\/\/i0.wp.com\/vaimenina.com.br\/blog\/wp-content\/uploads\/2018\/06\/dia-da-noiva-no-hotel-casamento-vai-menina.jpg?resize=300%2C200&amp;ssl=1 300w, https:\/\/i0.wp.com\/vaimenina.com.br\/blog\/wp-content\/uploads\/2018\/06\/dia-da-noiva-no-hotel-casamento-vai-menina.jpg?resize=870%2C580&amp;ssl=1 870w\" sizes=\"(max-width: 1000px) 100vw, 1000px\" \/><\/p>\n<p>Pra come\u00e7ar, vou explicar porque eu quis ter meu Dia da Noiva no Hotel. Eu n\u00e3o tenho o costume de frequentar sal\u00e3o, sempre fiz cabelo, make e unhas em casa mesmo, sozinha, e n\u00e3o faz muito sentido mudar completamente pro grande dia. Pra ser sincera, por um bom tempo queria me arrumar sozinha, em casa mesmo. N\u00e3o sou uma grande especialista, mas adoro assistir v\u00eddeos, ver resenhas e testar maquiagens, e com o passar do tempo fui entendendo o que fica melhor em mim e passei a arriscar, maquiando minha fam\u00edlia. Mas confesso que d\u00e1 muito medo de errar, ou de n\u00e3o ficar t\u00e3o bom, com apar\u00eancia de &#8216;fiz de qualquer jeito&#8217;, e estou muito feliz em ter confiado em profissionais e n\u00e3o assumir mais essa responsabilidade.<\/p>\n<p><img data-recalc-dims=\"1\" loading=\"lazy\" decoding=\"async\" class=\"alignnone size-full wp-image-4057\" src=\"https:\/\/i0.wp.com\/vaimenina.com.br\/blog\/wp-content\/uploads\/2018\/06\/dia-da-noiva-no-hotel-dicas.jpg?resize=1800%2C1200\" alt=\"dia-da-noiva-no-hotel-dicas\" width=\"1800\" height=\"1200\" srcset=\"https:\/\/i0.wp.com\/vaimenina.com.br\/blog\/wp-content\/uploads\/2018\/06\/dia-da-noiva-no-hotel-dicas.jpg?w=1800&amp;ssl=1 1800w, https:\/\/i0.wp.com\/vaimenina.com.br\/blog\/wp-content\/uploads\/2018\/06\/dia-da-noiva-no-hotel-dicas.jpg?resize=768%2C512&amp;ssl=1 768w, https:\/\/i0.wp.com\/vaimenina.com.br\/blog\/wp-content\/uploads\/2018\/06\/dia-da-noiva-no-hotel-dicas.jpg?resize=1080%2C720&amp;ssl=1 1080w, https:\/\/i0.wp.com\/vaimenina.com.br\/blog\/wp-content\/uploads\/2018\/06\/dia-da-noiva-no-hotel-dicas.jpg?resize=300%2C200&amp;ssl=1 300w, https:\/\/i0.wp.com\/vaimenina.com.br\/blog\/wp-content\/uploads\/2018\/06\/dia-da-noiva-no-hotel-dicas.jpg?resize=870%2C580&amp;ssl=1 870w\" sizes=\"(max-width: 1000px) 100vw, 1000px\" \/><\/p>\n<p><strong>Dia da Noiva no Hotel: Quem vai se arrumar com voc\u00ea?<\/strong><br \/>\nEu\u00a0n\u00e3o queria me arrumar com todas as madrinhas, al\u00e9m de ser muita gente, acho limitado e preferi deixar cada uma escolher os profissionais que mais gostam (ou fazer sozinhas). Minha escolha foram s\u00f3 minha m\u00e3e e irm\u00e3, pra ser uma coisa bem \u00edntima. Meu pai estava acertando os \u00faltimos detalhes, buscou meu buqu\u00ea, o carro e ainda conseguiu passar um tempinho l\u00e1 com a gente. Ainda sobre a quantidade de pessoas, \u00e9 importante lembrar de n\u00e3o sobrecarregar os profissionais para que tudo d\u00ea certo. Afinal, quanto mais pessoas forem se arrumar com voc\u00ea, maior deve ser o ambiente e mais cabeleireiros, maquiadores e assistentes ser\u00e3o necess\u00e1rios.<\/p>\n<p><img data-recalc-dims=\"1\" loading=\"lazy\" decoding=\"async\" class=\"alignnone size-full wp-image-4054\" src=\"https:\/\/i0.wp.com\/vaimenina.com.br\/blog\/wp-content\/uploads\/2018\/06\/dia-da-noiva-no-hotel-casamento-economico.jpg?resize=1800%2C1200\" alt=\"dia-da-noiva-no-hotel-casamento-economico\" width=\"1800\" height=\"1200\" srcset=\"https:\/\/i0.wp.com\/vaimenina.com.br\/blog\/wp-content\/uploads\/2018\/06\/dia-da-noiva-no-hotel-casamento-economico.jpg?w=1800&amp;ssl=1 1800w, https:\/\/i0.wp.com\/vaimenina.com.br\/blog\/wp-content\/uploads\/2018\/06\/dia-da-noiva-no-hotel-casamento-economico.jpg?resize=768%2C512&amp;ssl=1 768w, https:\/\/i0.wp.com\/vaimenina.com.br\/blog\/wp-content\/uploads\/2018\/06\/dia-da-noiva-no-hotel-casamento-economico.jpg?resize=1080%2C720&amp;ssl=1 1080w, https:\/\/i0.wp.com\/vaimenina.com.br\/blog\/wp-content\/uploads\/2018\/06\/dia-da-noiva-no-hotel-casamento-economico.jpg?resize=300%2C200&amp;ssl=1 300w, https:\/\/i0.wp.com\/vaimenina.com.br\/blog\/wp-content\/uploads\/2018\/06\/dia-da-noiva-no-hotel-casamento-economico.jpg?resize=870%2C580&amp;ssl=1 870w\" sizes=\"(max-width: 1000px) 100vw, 1000px\" \/><\/p>\n<p><strong>Dia da Noiva no Hotel: Escolhendo o Hotel<\/strong><br \/>\nNo come\u00e7o eu\u00a0queria me arrumar em casa, mas seria preciso uma organiza\u00e7\u00e3o monstra j\u00e1 tanto meu ap\u00ea quanto a casa da minha m\u00e3e estavam entulhados de\u00a0coisas por conta do casamento. Pra\u00a0ajudar\u00a0na decis\u00e3o, ganhamos uma di\u00e1ria no hotel como cortesia do cart\u00f3rio onde foi realizado\u00a0o casamento civil, ent\u00e3o apenas paguei a diferen\u00e7a e fiz o upgrade para um quarto maior (su\u00edte nupcial).\u00a0Pegar o quarto maior foi bom\u00a0pois al\u00e9m dos profissionais da beleza, tamb\u00e9m tinha a equipe de foto e filmagem. \u00c9 muito importante visitar o hotel antes, para escolher o quarto com cuidado e j\u00e1 prever necessidades como um espelho extra (minha cabeleireira levou um dela, com l\u00e2mpadas de camarim).<\/p>\n<p><img data-recalc-dims=\"1\" loading=\"lazy\" decoding=\"async\" class=\"alignnone size-full wp-image-4060\" src=\"https:\/\/i0.wp.com\/vaimenina.com.br\/blog\/wp-content\/uploads\/2018\/06\/dia-da-noiva-no-hotel-maquiagem.jpg?resize=1800%2C1200\" alt=\"dia-da-noiva-no-hotel-maquiagem\" width=\"1800\" height=\"1200\" srcset=\"https:\/\/i0.wp.com\/vaimenina.com.br\/blog\/wp-content\/uploads\/2018\/06\/dia-da-noiva-no-hotel-maquiagem.jpg?w=1800&amp;ssl=1 1800w, https:\/\/i0.wp.com\/vaimenina.com.br\/blog\/wp-content\/uploads\/2018\/06\/dia-da-noiva-no-hotel-maquiagem.jpg?resize=768%2C512&amp;ssl=1 768w, https:\/\/i0.wp.com\/vaimenina.com.br\/blog\/wp-content\/uploads\/2018\/06\/dia-da-noiva-no-hotel-maquiagem.jpg?resize=1080%2C720&amp;ssl=1 1080w, https:\/\/i0.wp.com\/vaimenina.com.br\/blog\/wp-content\/uploads\/2018\/06\/dia-da-noiva-no-hotel-maquiagem.jpg?resize=300%2C200&amp;ssl=1 300w, https:\/\/i0.wp.com\/vaimenina.com.br\/blog\/wp-content\/uploads\/2018\/06\/dia-da-noiva-no-hotel-maquiagem.jpg?resize=870%2C580&amp;ssl=1 870w\" sizes=\"(max-width: 1000px) 100vw, 1000px\" \/><\/p>\n<p><strong>Dia da Noiva no Hotel: Como escolher os profissionais<\/strong><br \/>\nSe voc\u00ea j\u00e1 tem costume de fazer as coisas em sal\u00e3o, com certeza tem os profissionais que te acompanham e n\u00e3o h\u00e1 d\u00favidas de quem chamar pro grande dia. Como eu n\u00e3o tinha, busquei refer\u00eancias do velho jeito, com conhecidas. A <strong>Thais Esv\u00edcero<\/strong>, que assinou a make, \u00e9 amiga de uma amiga (e agora minha amiga tamb\u00e9m!) e eu j\u00e1 babava na pele que ela faz h\u00e1 um tempo. A cabeleireira <strong>Joandele Barcelos<\/strong> tem um cacho muito parecido com o meu e al\u00e9m de defender o cabelo natural, \u00e9 super bem qualificada e\u00a0indica\u00e7\u00e3o de muita gente. Minha recomenda\u00e7\u00e3o \u00e9, al\u00e9m de conversar com amigas, ver o estilo das profissionais. Eu queria algo suave, com cara de bonita e mais arrumado que o dia-a-dia, mas sem mudar completamente e me tornar outra pessoa. Deixei o contato dos meus profissionais\u00a0no final do post \ud83d\ude42<\/p>\n<p><img data-recalc-dims=\"1\" loading=\"lazy\" decoding=\"async\" class=\"alignnone size-full wp-image-4058\" src=\"https:\/\/i0.wp.com\/vaimenina.com.br\/blog\/wp-content\/uploads\/2018\/06\/dia-da-noiva-no-hotel-jessica-vai-menina.jpg?resize=1800%2C1200\" alt=\"dia-da-noiva-no-hotel-jessica-vai-menina\" width=\"1800\" height=\"1200\" srcset=\"https:\/\/i0.wp.com\/vaimenina.com.br\/blog\/wp-content\/uploads\/2018\/06\/dia-da-noiva-no-hotel-jessica-vai-menina.jpg?w=1800&amp;ssl=1 1800w, https:\/\/i0.wp.com\/vaimenina.com.br\/blog\/wp-content\/uploads\/2018\/06\/dia-da-noiva-no-hotel-jessica-vai-menina.jpg?resize=768%2C512&amp;ssl=1 768w, https:\/\/i0.wp.com\/vaimenina.com.br\/blog\/wp-content\/uploads\/2018\/06\/dia-da-noiva-no-hotel-jessica-vai-menina.jpg?resize=1080%2C720&amp;ssl=1 1080w, https:\/\/i0.wp.com\/vaimenina.com.br\/blog\/wp-content\/uploads\/2018\/06\/dia-da-noiva-no-hotel-jessica-vai-menina.jpg?resize=300%2C200&amp;ssl=1 300w, https:\/\/i0.wp.com\/vaimenina.com.br\/blog\/wp-content\/uploads\/2018\/06\/dia-da-noiva-no-hotel-jessica-vai-menina.jpg?resize=870%2C580&amp;ssl=1 870w\" sizes=\"(max-width: 1000px) 100vw, 1000px\" \/><\/p>\n<p><strong>Dia da Noiva no Hotel: Deixe com a sua cara<\/strong><br \/>\nPersonalize o espa\u00e7o com objetos, monte uma playlist, um cabide bonito para o vestido&#8230; Eu comprei os robes de cetim no Mercado Livre (R$18,70 cada + frete).\u00a0Existem muitas op\u00e7\u00f5es de cor, fiquei uns 3 dias para escolher os meus haha.\u00a0Eu queria aplicar uma renda larga na manga e tamb\u00e9m personalizar os nomes &#8216;noiva&#8217;, &#8216;m\u00e3e da noiva&#8217; e &#8216;irm\u00e3 da noiva&#8217; com bordado ou sublima\u00e7\u00e3o, mas acabei me enrolando com outras coisas e n\u00e3o deu tempo, mas ainda assim \u00e9 uma ideia para as noivinhas mais organizadas e com um prazo maior para os preparativos. Tamb\u00e9m \u00e9 legal levar um convite, o anel de noivado (se tiver), fotos, tudo que possa completar o ambiente e voc\u00ea queira registrado.<\/p>\n<p><img data-recalc-dims=\"1\" loading=\"lazy\" decoding=\"async\" class=\"alignnone size-full wp-image-4059\" src=\"https:\/\/i0.wp.com\/vaimenina.com.br\/blog\/wp-content\/uploads\/2018\/06\/dia-da-noiva-no-hotel-mae-da-noiva-iram-da-noiva.jpg?resize=1800%2C1200\" alt=\"dia-da-noiva-no-hotel-mae-da-noiva-iram-da-noiva\" width=\"1800\" height=\"1200\" srcset=\"https:\/\/i0.wp.com\/vaimenina.com.br\/blog\/wp-content\/uploads\/2018\/06\/dia-da-noiva-no-hotel-mae-da-noiva-iram-da-noiva.jpg?w=1800&amp;ssl=1 1800w, https:\/\/i0.wp.com\/vaimenina.com.br\/blog\/wp-content\/uploads\/2018\/06\/dia-da-noiva-no-hotel-mae-da-noiva-iram-da-noiva.jpg?resize=768%2C512&amp;ssl=1 768w, https:\/\/i0.wp.com\/vaimenina.com.br\/blog\/wp-content\/uploads\/2018\/06\/dia-da-noiva-no-hotel-mae-da-noiva-iram-da-noiva.jpg?resize=1080%2C720&amp;ssl=1 1080w, https:\/\/i0.wp.com\/vaimenina.com.br\/blog\/wp-content\/uploads\/2018\/06\/dia-da-noiva-no-hotel-mae-da-noiva-iram-da-noiva.jpg?resize=300%2C200&amp;ssl=1 300w, https:\/\/i0.wp.com\/vaimenina.com.br\/blog\/wp-content\/uploads\/2018\/06\/dia-da-noiva-no-hotel-mae-da-noiva-iram-da-noiva.jpg?resize=870%2C580&amp;ssl=1 870w\" sizes=\"(max-width: 1000px) 100vw, 1000px\" \/><\/p>\n<p><strong>4\u00a0motivos para fazer seu Dia da Noiva no Hotel<br \/>\n<\/strong><strong>1. Tranquilidade<br \/>\n<\/strong>Depois de toda a correria dos preparativos (estive organizando as coisas at\u00e9 tarde na noite anterior), tudo o que eu queria nesse momento era calmo, sem o barulho de conversas, secadores ou m\u00fasica alta.<br \/>\n<strong>2. Fotos lindas<\/strong><br \/>\nO ambiente \u00e9 neutro, sem banners, prateleiras de produtos e pessoas aleat\u00f3rias passando.\u00a0Al\u00e9m disso, \u00e9 mais f\u00e1cil se soltar em um ambiente menor\u00a0e\u00a0com pessoas conhecidas, o que te deixa mais relaxada para as fotos.<br \/>\n<strong>3. Economia<\/strong><br \/>\nComo eu j\u00e1 falei, n\u00f3s ganhamos uma cortesia e s\u00f3 precisei pagar pelo upgrade de quarto. Ainda assim, e incluindo cabelo e maquiagem, saiu mais barato que me arrumar em um sal\u00e3o tradicional.<br \/>\n<strong>4. Noite de N\u00fapcias<\/strong><br \/>\nEu me arrumei em uma cidade e me casei em outra, mas se n\u00e3o for seu caso ainda\u00a0d\u00e1 para aproveitar a di\u00e1ria mais tarde. Voc\u00ea se arruma, casa e volta para o hotel!<\/p>\n<p>Pra finalizar, quero dizer que n\u00e3o quero impor nada ou declarar guerra aos sal\u00f5es. Eu\u00a0sei que os pacotes de Dia da Noiva normalmente incluem depila\u00e7\u00e3o, massagens relaxantes, comidinhas, manicure e outros procedimentos est\u00e9ticos, com a facilidade de fazer tudo em um lugar s\u00f3. Muitas vezes, toda essa prepara\u00e7\u00e3o faz parte do sonho da noiva. Mas se n\u00e3o \u00e9 seu caso,\u00a0saiba\u00a0que \u00e9 poss\u00edvel ter acesso a tudo isso sem pagar mais s\u00f3 porque vai se casar. Fa\u00e7a suas unhas, depila\u00e7\u00e3o, sobrancelha e tudo mais que achar necess\u00e1rio da maneira que sempre fez, poucos dias antes do seu casamento, e vai ter o mesmo efeito. Eu acho muito mais relaxante me arrumar com tranquilidade em um ambiente que eu escolhi, sabendo que o dinheiro economizado vai ser usado na lua de mel, que uma massagem!<\/p>\n<p><em>Ficha t\u00e9cnica<\/em><br \/>\n<em>Cabelo: <a href=\"http:\/\/www.joandelebarcelos.com.br\/\">Joandele Barcelos<\/a><\/em><em><a href=\"http:\/\/www.joandelebarcelos.com.br\/\"><br \/>\n<\/a>Filmagem<a href=\"http:\/\/www.joandelebarcelos.com.br\/\">:\u00a0<\/a><a href=\"https:\/\/www.instagram.com\/rildosilvafilmmaker\/\">Rildo Silva<\/a><\/em><br \/>\n<em>Foto: <a href=\"https:\/\/www.instagram.com\/pauloteotoniofoto\/\">Paulo Teot\u00f4nio<\/a><br \/>\nHotel: <a href=\"http:\/\/www.hotelportaldoeste.com.br\/\">Portal D&#8217;Oeste<\/a><\/em><br \/>\n<em>Make: <a href=\"http:\/\/www.instagram.com\/esvicerothais\">Thais Esvicero<\/a><\/em><\/p>\n<p>Como n\u00e3o encontrei muito conte\u00fado sobre isso na \u00e9poca que estava decidindo, e tamb\u00e9m n\u00e3o conhe\u00e7o ningu\u00e9m que tenha feito isso, achei que falar da minha experi\u00eancia poderia ajudar outras noivas. Se foi o seu caso, deixe um coment\u00e1rio e me conte mais sobre o seu grande dia. Vou adorar conversar sobre isso!<br \/>\nBeijos, e at\u00e9 o pr\u00f3ximo post.<\/p>\n<div class=\"pntrst_main_before_after\"><\/div>","protected":false},"excerpt":{"rendered":"<p>Follow me Oi pessoal, tudo bem? Decidi voltar com os posts sobre meu casamento, come\u00e7ando com meu dia da noiva no hotel. Eu gostei\u00a0muito de me arrumar em um ambiente tranquilo e com o m\u00ednimo de pessoas necess\u00e1rio, foi como um sopro de calma depois da correria que \u00e9 organizar um casamento onde os noivos [&hellip;]<\/p>\n","protected":false},"author":1,"featured_media":4056,"comment_status":"open","ping_status":"open","sticky":false,"template":"","format":"standard","meta":{"_exactmetrics_skip_tracking":false,"_exactmetrics_sitenote_active":false,"_exactmetrics_sitenote_note":"","_exactmetrics_sitenote_category":0,"jetpack_post_was_ever_published":false,"_jetpack_newsletter_access":"","_jetpack_dont_email_post_to_subs":false,"_jetpack_newsletter_tier_id":0,"_jetpack_memberships_contains_paywalled_content":false,"_jetpack_memberships_contains_paid_content":false,"footnotes":"","jetpack_publicize_message":"","jetpack_publicize_feature_enabled":true,"jetpack_social_post_already_shared":true,"jetpack_social_options":{"image_generator_settings":{"template":"highway","enabled":false},"version":2}},"categories":[345],"tags":[],"class_list":["post-3644","post","type-post","status-publish","format-standard","has-post-thumbnail","hentry","category-casamento"],"jetpack_publicize_connections":[],"yoast_head":"<!-- This site is optimized with the Yoast SEO plugin v23.5 - https:\/\/yoast.com\/wordpress\/plugins\/seo\/ -->\n<title>Meu Dia da Noiva no Hotel #casamentoAndeJeh - Vai Menina<\/title>\n<meta name=\"description\" content=\"O dia da noiva no hotel \u00e9 uma op\u00e7\u00e3o mais tranquila, personalizada e econ\u00f4mica para as noivas que n\u00e3o gostam de sal\u00e3o de beleza. Confira minhas dicas\" \/>\n<meta name=\"robots\" content=\"index, follow, max-snippet:-1, max-image-preview:large, max-video-preview:-1\" \/>\n<link rel=\"canonical\" href=\"https:\/\/vaimenina.com.br\/blog\/dia-da-noiva-no-hotel\/\" \/>\n<meta property=\"og:locale\" content=\"pt_BR\" \/>\n<meta property=\"og:type\" content=\"article\" \/>\n<meta property=\"og:title\" content=\"Meu Dia da Noiva no Hotel #casamentoAndeJeh - Vai Menina\" \/>\n<meta property=\"og:description\" content=\"O dia da noiva no hotel \u00e9 uma op\u00e7\u00e3o mais tranquila, personalizada e econ\u00f4mica para as noivas que n\u00e3o gostam de sal\u00e3o de beleza. Confira minhas dicas\" \/>\n<meta property=\"og:url\" content=\"https:\/\/vaimenina.com.br\/blog\/dia-da-noiva-no-hotel\/\" \/>\n<meta property=\"og:site_name\" content=\"Vai Menina\" \/>\n<meta property=\"article:publisher\" content=\"https:\/\/www.facebook.com\/vaimenina\/\" \/>\n<meta property=\"article:published_time\" content=\"2018-06-13T18:40:14+00:00\" \/>\n<meta property=\"og:image\" content=\"https:\/\/i0.wp.com\/vaimenina.com.br\/blog\/wp-content\/uploads\/2018\/06\/dia-da-noiva-no-hotel-como-escolher.jpg?fit=1800%2C928&ssl=1\" \/>\n\t<meta property=\"og:image:width\" content=\"1800\" \/>\n\t<meta property=\"og:image:height\" content=\"928\" \/>\n\t<meta property=\"og:image:type\" content=\"image\/jpeg\" \/>\n<meta name=\"author\" content=\"J\u00e9ssica Ambr\u00f3sio\" \/>\n<meta name=\"twitter:label1\" content=\"Escrito por\" \/>\n\t<meta name=\"twitter:data1\" content=\"J\u00e9ssica Ambr\u00f3sio\" \/>\n\t<meta name=\"twitter:label2\" content=\"Est. tempo de leitura\" \/>\n\t<meta name=\"twitter:data2\" content=\"6 minutos\" \/>\n<script type=\"application\/ld+json\" class=\"yoast-schema-graph\">{\"@context\":\"https:\/\/schema.org\",\"@graph\":[{\"@type\":\"WebPage\",\"@id\":\"https:\/\/vaimenina.com.br\/blog\/dia-da-noiva-no-hotel\/\",\"url\":\"https:\/\/vaimenina.com.br\/blog\/dia-da-noiva-no-hotel\/\",\"name\":\"Meu Dia da Noiva no Hotel #casamentoAndeJeh - Vai Menina\",\"isPartOf\":{\"@id\":\"https:\/\/vaimenina.com.br\/blog\/#website\"},\"primaryImageOfPage\":{\"@id\":\"https:\/\/vaimenina.com.br\/blog\/dia-da-noiva-no-hotel\/#primaryimage\"},\"image\":{\"@id\":\"https:\/\/vaimenina.com.br\/blog\/dia-da-noiva-no-hotel\/#primaryimage\"},\"thumbnailUrl\":\"https:\/\/i0.wp.com\/vaimenina.com.br\/blog\/wp-content\/uploads\/2018\/06\/dia-da-noiva-no-hotel-como-escolher.jpg?fit=1800%2C928&ssl=1\",\"datePublished\":\"2018-06-13T18:40:14+00:00\",\"dateModified\":\"2018-06-13T18:40:14+00:00\",\"author\":{\"@id\":\"https:\/\/vaimenina.com.br\/blog\/#\/schema\/person\/1bb0854ebc4c892c2d934c1682a715e5\"},\"description\":\"O dia da noiva no hotel \u00e9 uma op\u00e7\u00e3o mais tranquila, personalizada e econ\u00f4mica para as noivas que n\u00e3o gostam de sal\u00e3o de beleza. Confira minhas dicas\",\"breadcrumb\":{\"@id\":\"https:\/\/vaimenina.com.br\/blog\/dia-da-noiva-no-hotel\/#breadcrumb\"},\"inLanguage\":\"pt-BR\",\"potentialAction\":[{\"@type\":\"ReadAction\",\"target\":[\"https:\/\/vaimenina.com.br\/blog\/dia-da-noiva-no-hotel\/\"]}]},{\"@type\":\"ImageObject\",\"inLanguage\":\"pt-BR\",\"@id\":\"https:\/\/vaimenina.com.br\/blog\/dia-da-noiva-no-hotel\/#primaryimage\",\"url\":\"https:\/\/i0.wp.com\/vaimenina.com.br\/blog\/wp-content\/uploads\/2018\/06\/dia-da-noiva-no-hotel-como-escolher.jpg?fit=1800%2C928&ssl=1\",\"contentUrl\":\"https:\/\/i0.wp.com\/vaimenina.com.br\/blog\/wp-content\/uploads\/2018\/06\/dia-da-noiva-no-hotel-como-escolher.jpg?fit=1800%2C928&ssl=1\",\"width\":1800,\"height\":928,\"caption\":\"dia-da-noiva-no-hotel-como-escolher\"},{\"@type\":\"BreadcrumbList\",\"@id\":\"https:\/\/vaimenina.com.br\/blog\/dia-da-noiva-no-hotel\/#breadcrumb\",\"itemListElement\":[{\"@type\":\"ListItem\",\"position\":1,\"name\":\"In\u00edcio\",\"item\":\"https:\/\/vaimenina.com.br\/blog\/\"},{\"@type\":\"ListItem\",\"position\":2,\"name\":\"Meu Dia da Noiva no Hotel #casamentoAndeJeh\"}]},{\"@type\":\"WebSite\",\"@id\":\"https:\/\/vaimenina.com.br\/blog\/#website\",\"url\":\"https:\/\/vaimenina.com.br\/blog\/\",\"name\":\"Vai Menina\",\"description\":\"Viagens, ballet, cabelo, comportamento e mais...\",\"potentialAction\":[{\"@type\":\"SearchAction\",\"target\":{\"@type\":\"EntryPoint\",\"urlTemplate\":\"https:\/\/vaimenina.com.br\/blog\/?s={search_term_string}\"},\"query-input\":{\"@type\":\"PropertyValueSpecification\",\"valueRequired\":true,\"valueName\":\"search_term_string\"}}],\"inLanguage\":\"pt-BR\"},{\"@type\":\"Person\",\"@id\":\"https:\/\/vaimenina.com.br\/blog\/#\/schema\/person\/1bb0854ebc4c892c2d934c1682a715e5\",\"name\":\"J\u00e9ssica Ambr\u00f3sio\",\"image\":{\"@type\":\"ImageObject\",\"inLanguage\":\"pt-BR\",\"@id\":\"https:\/\/vaimenina.com.br\/blog\/#\/schema\/person\/image\/\",\"url\":\"https:\/\/secure.gravatar.com\/avatar\/be6d47f8502242c8b858a32c7dfc6d39?s=96&d=mm&r=g\",\"contentUrl\":\"https:\/\/secure.gravatar.com\/avatar\/be6d47f8502242c8b858a32c7dfc6d39?s=96&d=mm&r=g\",\"caption\":\"J\u00e9ssica Ambr\u00f3sio\"},\"description\":\"Publicit\u00e1ria, bailarina e cacheada. Adoro escrever e estou descobrindo as del\u00edcias de viajar. Tudo no custo-ben\u00ea, claro.\",\"sameAs\":[\"http:\/\/vaimenina.com.br\"],\"url\":\"https:\/\/vaimenina.com.br\/blog\/author\/jeh-ambrosiogmail-com\/\"}]}<\/script>\n<!-- \/ Yoast SEO plugin. -->","yoast_head_json":{"title":"Meu Dia da Noiva no Hotel #casamentoAndeJeh - Vai Menina","description":"O dia da noiva no hotel \u00e9 uma op\u00e7\u00e3o mais tranquila, personalizada e econ\u00f4mica para as noivas que n\u00e3o gostam de sal\u00e3o de beleza. Confira minhas dicas","robots":{"index":"index","follow":"follow","max-snippet":"max-snippet:-1","max-image-preview":"max-image-preview:large","max-video-preview":"max-video-preview:-1"},"canonical":"https:\/\/vaimenina.com.br\/blog\/dia-da-noiva-no-hotel\/","og_locale":"pt_BR","og_type":"article","og_title":"Meu Dia da Noiva no Hotel #casamentoAndeJeh - Vai Menina","og_description":"O dia da noiva no hotel \u00e9 uma op\u00e7\u00e3o mais tranquila, personalizada e econ\u00f4mica para as noivas que n\u00e3o gostam de sal\u00e3o de beleza. Confira minhas dicas","og_url":"https:\/\/vaimenina.com.br\/blog\/dia-da-noiva-no-hotel\/","og_site_name":"Vai Menina","article_publisher":"https:\/\/www.facebook.com\/vaimenina\/","article_published_time":"2018-06-13T18:40:14+00:00","og_image":[{"width":1800,"height":928,"url":"https:\/\/i0.wp.com\/vaimenina.com.br\/blog\/wp-content\/uploads\/2018\/06\/dia-da-noiva-no-hotel-como-escolher.jpg?fit=1800%2C928&ssl=1","type":"image\/jpeg"}],"author":"J\u00e9ssica Ambr\u00f3sio","twitter_misc":{"Escrito por":"J\u00e9ssica Ambr\u00f3sio","Est. tempo de leitura":"6 minutos"},"schema":{"@context":"https:\/\/schema.org","@graph":[{"@type":"WebPage","@id":"https:\/\/vaimenina.com.br\/blog\/dia-da-noiva-no-hotel\/","url":"https:\/\/vaimenina.com.br\/blog\/dia-da-noiva-no-hotel\/","name":"Meu Dia da Noiva no Hotel #casamentoAndeJeh - Vai Menina","isPartOf":{"@id":"https:\/\/vaimenina.com.br\/blog\/#website"},"primaryImageOfPage":{"@id":"https:\/\/vaimenina.com.br\/blog\/dia-da-noiva-no-hotel\/#primaryimage"},"image":{"@id":"https:\/\/vaimenina.com.br\/blog\/dia-da-noiva-no-hotel\/#primaryimage"},"thumbnailUrl":"https:\/\/i0.wp.com\/vaimenina.com.br\/blog\/wp-content\/uploads\/2018\/06\/dia-da-noiva-no-hotel-como-escolher.jpg?fit=1800%2C928&ssl=1","datePublished":"2018-06-13T18:40:14+00:00","dateModified":"2018-06-13T18:40:14+00:00","author":{"@id":"https:\/\/vaimenina.com.br\/blog\/#\/schema\/person\/1bb0854ebc4c892c2d934c1682a715e5"},"description":"O dia da noiva no hotel \u00e9 uma op\u00e7\u00e3o mais tranquila, personalizada e econ\u00f4mica para as noivas que n\u00e3o gostam de sal\u00e3o de beleza. Confira minhas dicas","breadcrumb":{"@id":"https:\/\/vaimenina.com.br\/blog\/dia-da-noiva-no-hotel\/#breadcrumb"},"inLanguage":"pt-BR","potentialAction":[{"@type":"ReadAction","target":["https:\/\/vaimenina.com.br\/blog\/dia-da-noiva-no-hotel\/"]}]},{"@type":"ImageObject","inLanguage":"pt-BR","@id":"https:\/\/vaimenina.com.br\/blog\/dia-da-noiva-no-hotel\/#primaryimage","url":"https:\/\/i0.wp.com\/vaimenina.com.br\/blog\/wp-content\/uploads\/2018\/06\/dia-da-noiva-no-hotel-como-escolher.jpg?fit=1800%2C928&ssl=1","contentUrl":"https:\/\/i0.wp.com\/vaimenina.com.br\/blog\/wp-content\/uploads\/2018\/06\/dia-da-noiva-no-hotel-como-escolher.jpg?fit=1800%2C928&ssl=1","width":1800,"height":928,"caption":"dia-da-noiva-no-hotel-como-escolher"},{"@type":"BreadcrumbList","@id":"https:\/\/vaimenina.com.br\/blog\/dia-da-noiva-no-hotel\/#breadcrumb","itemListElement":[{"@type":"ListItem","position":1,"name":"In\u00edcio","item":"https:\/\/vaimenina.com.br\/blog\/"},{"@type":"ListItem","position":2,"name":"Meu Dia da Noiva no Hotel #casamentoAndeJeh"}]},{"@type":"WebSite","@id":"https:\/\/vaimenina.com.br\/blog\/#website","url":"https:\/\/vaimenina.com.br\/blog\/","name":"Vai Menina","description":"Viagens, ballet, cabelo, comportamento e mais...","potentialAction":[{"@type":"SearchAction","target":{"@type":"EntryPoint","urlTemplate":"https:\/\/vaimenina.com.br\/blog\/?s={search_term_string}"},"query-input":{"@type":"PropertyValueSpecification","valueRequired":true,"valueName":"search_term_string"}}],"inLanguage":"pt-BR"},{"@type":"Person","@id":"https:\/\/vaimenina.com.br\/blog\/#\/schema\/person\/1bb0854ebc4c892c2d934c1682a715e5","name":"J\u00e9ssica Ambr\u00f3sio","image":{"@type":"ImageObject","inLanguage":"pt-BR","@id":"https:\/\/vaimenina.com.br\/blog\/#\/schema\/person\/image\/","url":"https:\/\/secure.gravatar.com\/avatar\/be6d47f8502242c8b858a32c7dfc6d39?s=96&d=mm&r=g","contentUrl":"https:\/\/secure.gravatar.com\/avatar\/be6d47f8502242c8b858a32c7dfc6d39?s=96&d=mm&r=g","caption":"J\u00e9ssica Ambr\u00f3sio"},"description":"Publicit\u00e1ria, bailarina e cacheada. Adoro escrever e estou descobrindo as del\u00edcias de viajar. Tudo no custo-ben\u00ea, claro.","sameAs":["http:\/\/vaimenina.com.br"],"url":"https:\/\/vaimenina.com.br\/blog\/author\/jeh-ambrosiogmail-com\/"}]}},"jetpack_featured_media_url":"https:\/\/i0.wp.com\/vaimenina.com.br\/blog\/wp-content\/uploads\/2018\/06\/dia-da-noiva-no-hotel-como-escolher.jpg?fit=1800%2C928&ssl=1","jetpack_sharing_enabled":true,"jetpack_shortlink":"https:\/\/wp.me\/p5GGJf-WM","_links":{"self":[{"href":"https:\/\/vaimenina.com.br\/blog\/wp-json\/wp\/v2\/posts\/3644"}],"collection":[{"href":"https:\/\/vaimenina.com.br\/blog\/wp-json\/wp\/v2\/posts"}],"about":[{"href":"https:\/\/vaimenina.com.br\/blog\/wp-json\/wp\/v2\/types\/post"}],"author":[{"embeddable":true,"href":"https:\/\/vaimenina.com.br\/blog\/wp-json\/wp\/v2\/users\/1"}],"replies":[{"embeddable":true,"href":"https:\/\/vaimenina.com.br\/blog\/wp-json\/wp\/v2\/comments?post=3644"}],"version-history":[{"count":22,"href":"https:\/\/vaimenina.com.br\/blog\/wp-json\/wp\/v2\/posts\/3644\/revisions"}],"predecessor-version":[{"id":4098,"href":"https:\/\/vaimenina.com.br\/blog\/wp-json\/wp\/v2\/posts\/3644\/revisions\/4098"}],"wp:featuredmedia":[{"embeddable":true,"href":"https:\/\/vaimenina.com.br\/blog\/wp-json\/wp\/v2\/media\/4056"}],"wp:attachment":[{"href":"https:\/\/vaimenina.com.br\/blog\/wp-json\/wp\/v2\/media?parent=3644"}],"wp:term":[{"taxonomy":"category","embeddable":true,"href":"https:\/\/vaimenina.com.br\/blog\/wp-json\/wp\/v2\/categories?post=3644"},{"taxonomy":"post_tag","embeddable":true,"href":"https:\/\/vaimenina.com.br\/blog\/wp-json\/wp\/v2\/tags?post=3644"}],"curies":[{"name":"wp","href":"https:\/\/api.w.org\/{rel}","templated":true}]}}