{"id":3827,"date":"2018-04-05T21:30:21","date_gmt":"2018-04-06T00:30:21","guid":{"rendered":"http:\/\/vaimenina.com.br\/blog\/?p=3827"},"modified":"2019-01-15T01:47:26","modified_gmt":"2019-01-15T04:47:26","slug":"viagem-fim-de-semana-em-sao-paulo","status":"publish","type":"post","link":"https:\/\/vaimenina.com.br\/blog\/viagem-fim-de-semana-em-sao-paulo\/","title":{"rendered":"Viagem: Fim de semana em S\u00e3o Paulo"},"content":{"rendered":"<div class=\"pntrst_main_before_after\"><div class=\"pntrst-button-wrap \" >\n\t\t\t\t\t\t\t<a  data-pin-do=\"buttonFollow\" href=\"https:\/\/www.pinterest.com\/vaimenina\/\">Follow me<\/a>\n\t\t\t\t\t\t<\/div><\/div><p>Oi gente, tudo bom? O post de hoje \u00e9 uma viagem bem rapidinha, que fiz no final do ano passado: um\u00a0fim de semana em <strong>S\u00e3o Paulo<\/strong>\u00a0com minha irm\u00e3. O que a torna especial \u00e9 que estava na minha listinha de <a href=\"http:\/\/vaimenina.com.br\/blog\/25-coisas-para-fazer-antes-dos-25-anos\/\"><strong>25 coisas para fazer<\/strong><\/a>. Passamos o final de semana por l\u00e1 e como o foco era a divers\u00e3o (e a bateria do meu celular n\u00e3o\u00a0estava durando nada :\/) acabei n\u00e3o fotografando muito. Mas pra compensar tem um roteirinho bem legal para quem vai passar s\u00f3 2 dias em SP. Vamos l\u00e1?<\/p>\n<p><img data-recalc-dims=\"1\" loading=\"lazy\" decoding=\"async\" class=\"alignnone size-full wp-image-3877\" src=\"https:\/\/i0.wp.com\/vaimenina.com.br\/blog\/wp-content\/uploads\/2018\/03\/Fim-de-semana-em-S\u00e3o-Paulo-vai-menina.jpg?resize=3120%2C1376\" alt=\"Fim-de-semana-em-S\u00e3o-Paulo-vai-menina\" width=\"3120\" height=\"1376\" srcset=\"https:\/\/i0.wp.com\/vaimenina.com.br\/blog\/wp-content\/uploads\/2018\/03\/Fim-de-semana-em-S\u00e3o-Paulo-vai-menina.jpg?w=3120&amp;ssl=1 3120w, https:\/\/i0.wp.com\/vaimenina.com.br\/blog\/wp-content\/uploads\/2018\/03\/Fim-de-semana-em-S\u00e3o-Paulo-vai-menina.jpg?resize=768%2C339&amp;ssl=1 768w, https:\/\/i0.wp.com\/vaimenina.com.br\/blog\/wp-content\/uploads\/2018\/03\/Fim-de-semana-em-S\u00e3o-Paulo-vai-menina.jpg?resize=1080%2C476&amp;ssl=1 1080w, https:\/\/i0.wp.com\/vaimenina.com.br\/blog\/wp-content\/uploads\/2018\/03\/Fim-de-semana-em-S\u00e3o-Paulo-vai-menina.jpg?resize=300%2C132&amp;ssl=1 300w, https:\/\/i0.wp.com\/vaimenina.com.br\/blog\/wp-content\/uploads\/2018\/03\/Fim-de-semana-em-S\u00e3o-Paulo-vai-menina.jpg?resize=870%2C384&amp;ssl=1 870w, https:\/\/i0.wp.com\/vaimenina.com.br\/blog\/wp-content\/uploads\/2018\/03\/Fim-de-semana-em-S\u00e3o-Paulo-vai-menina.jpg?w=2000&amp;ssl=1 2000w, https:\/\/i0.wp.com\/vaimenina.com.br\/blog\/wp-content\/uploads\/2018\/03\/Fim-de-semana-em-S\u00e3o-Paulo-vai-menina.jpg?w=3000&amp;ssl=1 3000w\" sizes=\"(max-width: 1000px) 100vw, 1000px\" \/><\/p>\n<p><strong>Transporte e hospedagem<\/strong><br \/>\nPra esse Fim de semana em S\u00e3o Paulo n\u00f3s fomos de \u00f4nibus, j\u00e1 que temos uma linha direta de Pres. Prudente com a empresa Andorinha. Dentro da cidade andamos um pouco de metr\u00f4 um tanto bom a p\u00e9 e de Uber. Nos hospedamos no Ibis Budget Paulista, que fica na Consola\u00e7\u00e3o do ladinho da esta\u00e7\u00e3o Paulista do metr\u00f4. O quarto \u00e9 bem pequeno e o pre\u00e7o meio salgado, mas decidimos essa viagem bem em cima da hora e os outros hoteis que olhamos j\u00e1 n\u00e3o tinham vagas. Outra coisa chata \u00e9 que perguntamos sobre o <em>late chekout<\/em> para o atendente e ele n\u00e3o deu a explica\u00e7\u00e3o completa. O <em>late chekout<\/em> \u00e9 gratuito at\u00e9 meio-dia, e precisamos pagar uma taxa pois ficamos at\u00e9 18h. N\u00e3o recomendo porque perguntamos com clareza pra ele sobre o hor\u00e1rio e ele disse que seria gratuito sem especificar o hor\u00e1rio limite.<br \/>\nOutra op\u00e7\u00e3o \u00e9 o Airbnb, onde voc\u00ea se hospeda na casa de locais por pre\u00e7os bem convidativos.<\/p>\n<blockquote><p><strong style=\"font-size: 18px; font-family: Vollkorn, serif; font-style: italic;\"><a href=\"http:\/\/www.airbnb.com.br\/c\/jessicab43416\">Quer ganhar R$130,00 de desconto no Airbnb para usar em qualquer cidade? Clique aqui!<\/a><\/strong><\/p><\/blockquote>\n<p><strong>Liberdade<\/strong><br \/>\nNossa primeira parada foi o bairro Liberdade, passamos a manh\u00e3 do s\u00e1bado toda por l\u00e1. Nossa guia foi a Cl\u00e1udia, amiga da Carol que conhece bem o bairro e nos levou nas melhores lojinhas de papelaria, biju e cosm\u00e9ticos #gratid\u00e3o. Eu j\u00e1 fui na Liberdade outras vezes, mas sempre durante a noite <em><del>sdds karaok\u00ea<\/del><\/em>\u00a0e a experi\u00eancia de dia foi outra, bem legal. Eu tenho essa mania de supermercados e lojinhas em viagens, e encontramos uns bem legais por l\u00e1, onde compramos alguns refrigerantes diferent\u00f5es (Fanta Blueberry, Morango, P\u00eassego e Guaran\u00e1 Jesus) e eu tamb\u00e9m comprei um pacote de balas de leite para o marido que ficou em casa hehe. Almo\u00e7amos na feirinha, eu comi um Tempur\u00e1 de legumes com camar\u00e3o e a Carol pegou um espetinho com bolinhos de camar\u00e3o, ambos R$7,00. Tamb\u00e9m adoramos a sorveteria\u00a0Snow Fall, com um sorvete super diferente. Ele n\u00e3o leva gordura na massa, que \u00e9 congelada e raspada com uma textura bem levinha. Como era super light, escolhemos um topping de chantilly, maracuj\u00e1 e chocolate branco.<br \/>\nComo chegar: Metr\u00f4 Liberdade, voc\u00ea j\u00e1 sai na pra\u00e7a de mesmo nome onde acontece a feira.<\/p>\n<p><img data-recalc-dims=\"1\" loading=\"lazy\" decoding=\"async\" class=\"alignnone size-full wp-image-3884\" src=\"https:\/\/i0.wp.com\/vaimenina.com.br\/blog\/wp-content\/uploads\/2018\/03\/Fim-de-semana-em-S\u00e3o-Paulo-liberdade-feirinha-sabado.jpg?resize=1800%2C811\" alt=\"Fim-de-semana-em-S\u00e3o-Paulo-liberdade-feirinha-sabado\" width=\"1800\" height=\"811\" srcset=\"https:\/\/i0.wp.com\/vaimenina.com.br\/blog\/wp-content\/uploads\/2018\/03\/Fim-de-semana-em-S\u00e3o-Paulo-liberdade-feirinha-sabado.jpg?w=1800&amp;ssl=1 1800w, https:\/\/i0.wp.com\/vaimenina.com.br\/blog\/wp-content\/uploads\/2018\/03\/Fim-de-semana-em-S\u00e3o-Paulo-liberdade-feirinha-sabado.jpg?resize=768%2C346&amp;ssl=1 768w, https:\/\/i0.wp.com\/vaimenina.com.br\/blog\/wp-content\/uploads\/2018\/03\/Fim-de-semana-em-S\u00e3o-Paulo-liberdade-feirinha-sabado.jpg?resize=1080%2C487&amp;ssl=1 1080w, https:\/\/i0.wp.com\/vaimenina.com.br\/blog\/wp-content\/uploads\/2018\/03\/Fim-de-semana-em-S\u00e3o-Paulo-liberdade-feirinha-sabado.jpg?resize=300%2C135&amp;ssl=1 300w, https:\/\/i0.wp.com\/vaimenina.com.br\/blog\/wp-content\/uploads\/2018\/03\/Fim-de-semana-em-S\u00e3o-Paulo-liberdade-feirinha-sabado.jpg?resize=870%2C392&amp;ssl=1 870w\" sizes=\"(max-width: 1000px) 100vw, 1000px\" \/><\/p>\n<p><strong>Theatro Municipal<\/strong><br \/>\nBailarina montando roteiro, tinha que ter tour no teatro! Ap\u00f3s o almo\u00e7o embarcamos na esta\u00e7\u00e3o Liberdade e saltamos na Anhangaba\u00fa. Logo ao sair na rua j\u00e1 avistamos o Shopping Light, que tamb\u00e9m tem uma linda arquitetura, e o bel\u00edssimo pr\u00e9dio do Theatro. Eu j\u00e1 havia entrado na bilheteria do Theatro Municipal uma vez, acompanhando um amigo que foi comprar ingressos, e decidi que voltaria l\u00e1 para conhecer o pr\u00e9dio. As visitas guiadas s\u00e3o gratuitas e acontecem aos s\u00e1bados as 11h, 13h e 14h. \u00c9 preciso dar o nome com 1h de anteced\u00eancia, e aproveitamos o shopping Light que fica na esquina para passar o tempo. A visita come\u00e7ou pontualmente, e o grupo de 50 pessoas foi dividido, cada um sendo guiado por uma pessoa. Nossa guia foi maravilhosa, e a visita foi o ponto alto da minha viagem. Nunca estive em um lugar t\u00e3o lindo, todos os ambientes tem detalhes que merecem a aten\u00e7\u00e3o. A visita durou 1h e meia, com\u00a0pausas para fotos. Agora preciso voltar l\u00e1 para assistir um bal\u00e9!<\/p>\n<p><img data-recalc-dims=\"1\" loading=\"lazy\" decoding=\"async\" class=\"alignnone size-full wp-image-3886\" src=\"https:\/\/i0.wp.com\/vaimenina.com.br\/blog\/wp-content\/uploads\/2018\/03\/Fim-de-semana-em-S\u00e3o-Paulo-tour-teatro-municipal.jpg?resize=1800%2C994\" alt=\"Fim-de-semana-em-S\u00e3o-Paulo-tour-teatro-municipal\" width=\"1800\" height=\"994\" srcset=\"https:\/\/i0.wp.com\/vaimenina.com.br\/blog\/wp-content\/uploads\/2018\/03\/Fim-de-semana-em-S\u00e3o-Paulo-tour-teatro-municipal.jpg?w=1800&amp;ssl=1 1800w, https:\/\/i0.wp.com\/vaimenina.com.br\/blog\/wp-content\/uploads\/2018\/03\/Fim-de-semana-em-S\u00e3o-Paulo-tour-teatro-municipal.jpg?resize=768%2C424&amp;ssl=1 768w, https:\/\/i0.wp.com\/vaimenina.com.br\/blog\/wp-content\/uploads\/2018\/03\/Fim-de-semana-em-S\u00e3o-Paulo-tour-teatro-municipal.jpg?resize=1080%2C596&amp;ssl=1 1080w, https:\/\/i0.wp.com\/vaimenina.com.br\/blog\/wp-content\/uploads\/2018\/03\/Fim-de-semana-em-S\u00e3o-Paulo-tour-teatro-municipal.jpg?resize=300%2C166&amp;ssl=1 300w, https:\/\/i0.wp.com\/vaimenina.com.br\/blog\/wp-content\/uploads\/2018\/03\/Fim-de-semana-em-S\u00e3o-Paulo-tour-teatro-municipal.jpg?resize=870%2C480&amp;ssl=1 870w\" sizes=\"(max-width: 1000px) 100vw, 1000px\" \/><\/p>\n<p><img data-recalc-dims=\"1\" loading=\"lazy\" decoding=\"async\" class=\"alignnone size-full wp-image-3878\" src=\"https:\/\/i0.wp.com\/vaimenina.com.br\/blog\/wp-content\/uploads\/2018\/03\/Fim-de-semana-em-S\u00e3o-Paulo-visita-teatro-municipal.jpg?resize=3062%2C3502\" alt=\"Fim-de-semana-em-S\u00e3o-Paulo-visita-teatro-municipal\" width=\"3062\" height=\"3502\" srcset=\"https:\/\/i0.wp.com\/vaimenina.com.br\/blog\/wp-content\/uploads\/2018\/03\/Fim-de-semana-em-S\u00e3o-Paulo-visita-teatro-municipal.jpg?w=3062&amp;ssl=1 3062w, https:\/\/i0.wp.com\/vaimenina.com.br\/blog\/wp-content\/uploads\/2018\/03\/Fim-de-semana-em-S\u00e3o-Paulo-visita-teatro-municipal.jpg?resize=768%2C878&amp;ssl=1 768w, https:\/\/i0.wp.com\/vaimenina.com.br\/blog\/wp-content\/uploads\/2018\/03\/Fim-de-semana-em-S\u00e3o-Paulo-visita-teatro-municipal.jpg?resize=1080%2C1235&amp;ssl=1 1080w, https:\/\/i0.wp.com\/vaimenina.com.br\/blog\/wp-content\/uploads\/2018\/03\/Fim-de-semana-em-S\u00e3o-Paulo-visita-teatro-municipal.jpg?resize=262%2C300&amp;ssl=1 262w, https:\/\/i0.wp.com\/vaimenina.com.br\/blog\/wp-content\/uploads\/2018\/03\/Fim-de-semana-em-S\u00e3o-Paulo-visita-teatro-municipal.jpg?resize=870%2C995&amp;ssl=1 870w, https:\/\/i0.wp.com\/vaimenina.com.br\/blog\/wp-content\/uploads\/2018\/03\/Fim-de-semana-em-S\u00e3o-Paulo-visita-teatro-municipal.jpg?w=2000&amp;ssl=1 2000w, https:\/\/i0.wp.com\/vaimenina.com.br\/blog\/wp-content\/uploads\/2018\/03\/Fim-de-semana-em-S\u00e3o-Paulo-visita-teatro-municipal.jpg?w=3000&amp;ssl=1 3000w\" sizes=\"(max-width: 1000px) 100vw, 1000px\" \/><\/p>\n<p><img data-recalc-dims=\"1\" loading=\"lazy\" decoding=\"async\" class=\"alignnone size-full wp-image-3885\" src=\"https:\/\/i0.wp.com\/vaimenina.com.br\/blog\/wp-content\/uploads\/2018\/03\/Fim-de-semana-em-S\u00e3o-Paulo-theatro-municipal.jpg?resize=2403%2C1812\" alt=\"Fim-de-semana-em-S\u00e3o-Paulo-theatro-municipal\" width=\"2403\" height=\"1812\" srcset=\"https:\/\/i0.wp.com\/vaimenina.com.br\/blog\/wp-content\/uploads\/2018\/03\/Fim-de-semana-em-S\u00e3o-Paulo-theatro-municipal.jpg?w=2403&amp;ssl=1 2403w, https:\/\/i0.wp.com\/vaimenina.com.br\/blog\/wp-content\/uploads\/2018\/03\/Fim-de-semana-em-S\u00e3o-Paulo-theatro-municipal.jpg?resize=768%2C579&amp;ssl=1 768w, https:\/\/i0.wp.com\/vaimenina.com.br\/blog\/wp-content\/uploads\/2018\/03\/Fim-de-semana-em-S\u00e3o-Paulo-theatro-municipal.jpg?resize=1080%2C814&amp;ssl=1 1080w, https:\/\/i0.wp.com\/vaimenina.com.br\/blog\/wp-content\/uploads\/2018\/03\/Fim-de-semana-em-S\u00e3o-Paulo-theatro-municipal.jpg?resize=300%2C226&amp;ssl=1 300w, https:\/\/i0.wp.com\/vaimenina.com.br\/blog\/wp-content\/uploads\/2018\/03\/Fim-de-semana-em-S\u00e3o-Paulo-theatro-municipal.jpg?resize=870%2C656&amp;ssl=1 870w, https:\/\/i0.wp.com\/vaimenina.com.br\/blog\/wp-content\/uploads\/2018\/03\/Fim-de-semana-em-S\u00e3o-Paulo-theatro-municipal.jpg?w=2000&amp;ssl=1 2000w\" sizes=\"(max-width: 1000px) 100vw, 1000px\" \/><\/p>\n<p>Saindo do Theatro ainda fomos a p\u00e9 para a 25 de Mar\u00e7o, cruzando o Viaduto do Ch\u00e1 e dando uma passada no Mosteiro de S\u00e3o Bento. A caminhada n\u00e3o \u00e9 muito longa e j\u00e1 vale como mini tour pelo centro de S\u00e3o Paulo.<\/p>\n<p><strong>Bar Encounter<\/strong><br \/>\nUm bar com joguinhos divertidos, o <a href=\"http:\/\/www.encounter.com.br\/\"><strong>Encounter<\/strong><\/a> tem muitas op\u00e7\u00f5es de jogos de tabuleiro e cartas, que voc\u00ea paga uma pequena taxa para utilizar pelo tempo que quiser. Um funcion\u00e1rio do local d\u00e1 sugest\u00f5es baseadas na quantidade de pessoas, n\u00edvel de jogo e se voc\u00ea quer algo mais tranquilo ou animado. Nos encontramos com um grupo de amigos da Carol e jogamos algumas coisas de m\u00edmica, mas foi o Nosferatu, um jogo de cartas onde o objetivo \u00e9 atacar um vampiro, que mais gostei. Para matar a fome, experimentamos os bolinhos de mandioca recheados com queijo (R$16,00) e Popcorn Chicken (R$18,00), ambos vem em uma boa quantidade. Para beber a Carol foi de Pink Lemonade e eu escolhi o milkshake Mr. Jack,\u00a0com base de sorvete de creme\u00a0e whisky Jack Daniels, suave e doce na medida certa! Infelizmente\u00a0minha bateria estava acabando ent\u00e3o n\u00e3o consegui fotografar muita coisa :\/<br \/>\n<strong>Como chegar:<\/strong> fomos de Uber, mas o metr\u00f4 Pinheiros\u00a0\u00e9 bem perto, fica como op\u00e7\u00e3o.<\/p>\n<p><img data-recalc-dims=\"1\" loading=\"lazy\" decoding=\"async\" class=\"alignnone size-full wp-image-3880\" src=\"https:\/\/i0.wp.com\/vaimenina.com.br\/blog\/wp-content\/uploads\/2018\/03\/Fim-de-semana-em-S\u00e3o-Paulo-bar-encounter-jogo-nosferatu.jpg?resize=1800%2C811\" alt=\"Fim-de-semana-em-S\u00e3o-Paulo-bar-encounter-jogo-nosferatu\" width=\"1800\" height=\"811\" srcset=\"https:\/\/i0.wp.com\/vaimenina.com.br\/blog\/wp-content\/uploads\/2018\/03\/Fim-de-semana-em-S\u00e3o-Paulo-bar-encounter-jogo-nosferatu.jpg?w=1800&amp;ssl=1 1800w, https:\/\/i0.wp.com\/vaimenina.com.br\/blog\/wp-content\/uploads\/2018\/03\/Fim-de-semana-em-S\u00e3o-Paulo-bar-encounter-jogo-nosferatu.jpg?resize=768%2C346&amp;ssl=1 768w, https:\/\/i0.wp.com\/vaimenina.com.br\/blog\/wp-content\/uploads\/2018\/03\/Fim-de-semana-em-S\u00e3o-Paulo-bar-encounter-jogo-nosferatu.jpg?resize=1080%2C487&amp;ssl=1 1080w, https:\/\/i0.wp.com\/vaimenina.com.br\/blog\/wp-content\/uploads\/2018\/03\/Fim-de-semana-em-S\u00e3o-Paulo-bar-encounter-jogo-nosferatu.jpg?resize=300%2C135&amp;ssl=1 300w, https:\/\/i0.wp.com\/vaimenina.com.br\/blog\/wp-content\/uploads\/2018\/03\/Fim-de-semana-em-S\u00e3o-Paulo-bar-encounter-jogo-nosferatu.jpg?resize=870%2C392&amp;ssl=1 870w\" sizes=\"(max-width: 1000px) 100vw, 1000px\" \/><\/p>\n<p><strong>Castelo R\u00e1-Tim-Bum e Memorial da Am\u00e9rica Latina<\/strong><br \/>\nNada melhor que visitar o castelo com a pessoa que assitia ao program do meu lado a inf\u00e2ncia toda. N\u00f3s saimos do hotel pela manh\u00e3 do domingo e fomos em uma padaria comprar lanchinhos para comer no Memorial, espa\u00e7o que recebeu a exposi\u00e7\u00e3o. Eu j\u00e1 visitei o Castelo quando ele estava no MIS, uns anos atr\u00e1s, e fiquei encantada ao ver como conseguiram fazer algo ainda mais legal, grandioso e nost\u00e1lgico. Apesar do hor\u00e1rio para entrada, voc\u00ea podia permanecer quanto tempo quisesse, e deu pra ver tudo com muita tranquilidade. A exposi\u00e7\u00e3o j\u00e1 saiu do Memorial, e vi que est\u00e1 chegando em Campinas, se voc\u00ea \u00e9 da regi\u00e3o e ainda n\u00e3o visitou, recomendo muito!<br \/>\nEu tamb\u00e9m j\u00e1 conhecia o Memorial da Am\u00e9rica Latina, fiz uma visita com a escola quando tinha 11 anos. N\u00f3s acabamos vendo apenas os monumentos a c\u00e9u aberto, j\u00e1 que ficamos por um grande tempo na exposi\u00e7\u00e3o, mas me lembro de como gostei de conhecer o Memorial naquela \u00e9poca e ao chegar l\u00e1 as mem\u00f3rias voltaram.<\/p>\n<p><img data-recalc-dims=\"1\" loading=\"lazy\" decoding=\"async\" class=\"alignnone size-full wp-image-3918\" src=\"https:\/\/i0.wp.com\/vaimenina.com.br\/blog\/wp-content\/uploads\/2018\/03\/Fim-de-semana-em-Sao-Paulo-passeio-castelo-ratimbum.jpg?resize=4160%2C2820\" alt=\"Fim-de-semana-em-Sao-Paulo-passeio-castelo-ratimbum\" width=\"4160\" height=\"2820\" srcset=\"https:\/\/i0.wp.com\/vaimenina.com.br\/blog\/wp-content\/uploads\/2018\/03\/Fim-de-semana-em-Sao-Paulo-passeio-castelo-ratimbum.jpg?w=4160&amp;ssl=1 4160w, https:\/\/i0.wp.com\/vaimenina.com.br\/blog\/wp-content\/uploads\/2018\/03\/Fim-de-semana-em-Sao-Paulo-passeio-castelo-ratimbum.jpg?resize=768%2C521&amp;ssl=1 768w, https:\/\/i0.wp.com\/vaimenina.com.br\/blog\/wp-content\/uploads\/2018\/03\/Fim-de-semana-em-Sao-Paulo-passeio-castelo-ratimbum.jpg?resize=1080%2C732&amp;ssl=1 1080w, https:\/\/i0.wp.com\/vaimenina.com.br\/blog\/wp-content\/uploads\/2018\/03\/Fim-de-semana-em-Sao-Paulo-passeio-castelo-ratimbum.jpg?resize=300%2C203&amp;ssl=1 300w, https:\/\/i0.wp.com\/vaimenina.com.br\/blog\/wp-content\/uploads\/2018\/03\/Fim-de-semana-em-Sao-Paulo-passeio-castelo-ratimbum.jpg?resize=870%2C590&amp;ssl=1 870w, https:\/\/i0.wp.com\/vaimenina.com.br\/blog\/wp-content\/uploads\/2018\/03\/Fim-de-semana-em-Sao-Paulo-passeio-castelo-ratimbum.jpg?w=2000&amp;ssl=1 2000w, https:\/\/i0.wp.com\/vaimenina.com.br\/blog\/wp-content\/uploads\/2018\/03\/Fim-de-semana-em-Sao-Paulo-passeio-castelo-ratimbum.jpg?w=3000&amp;ssl=1 3000w\" sizes=\"(max-width: 1000px) 100vw, 1000px\" \/><\/p>\n<p><img data-recalc-dims=\"1\" loading=\"lazy\" decoding=\"async\" class=\"alignnone size-full wp-image-3919\" src=\"https:\/\/i0.wp.com\/vaimenina.com.br\/blog\/wp-content\/uploads\/2018\/03\/Fim-de-semana-em-Sao-Paulo-castelo-ra-tim-bum.jpg?resize=1800%2C994\" alt=\"Fim-de-semana-em-Sao-Paulo-castelo-ra-tim-bum\" width=\"1800\" height=\"994\" srcset=\"https:\/\/i0.wp.com\/vaimenina.com.br\/blog\/wp-content\/uploads\/2018\/03\/Fim-de-semana-em-Sao-Paulo-castelo-ra-tim-bum.jpg?w=1800&amp;ssl=1 1800w, https:\/\/i0.wp.com\/vaimenina.com.br\/blog\/wp-content\/uploads\/2018\/03\/Fim-de-semana-em-Sao-Paulo-castelo-ra-tim-bum.jpg?resize=768%2C424&amp;ssl=1 768w, https:\/\/i0.wp.com\/vaimenina.com.br\/blog\/wp-content\/uploads\/2018\/03\/Fim-de-semana-em-Sao-Paulo-castelo-ra-tim-bum.jpg?resize=1080%2C596&amp;ssl=1 1080w, https:\/\/i0.wp.com\/vaimenina.com.br\/blog\/wp-content\/uploads\/2018\/03\/Fim-de-semana-em-Sao-Paulo-castelo-ra-tim-bum.jpg?resize=300%2C166&amp;ssl=1 300w, https:\/\/i0.wp.com\/vaimenina.com.br\/blog\/wp-content\/uploads\/2018\/03\/Fim-de-semana-em-Sao-Paulo-castelo-ra-tim-bum.jpg?resize=870%2C480&amp;ssl=1 870w\" sizes=\"(max-width: 1000px) 100vw, 1000px\" \/><\/p>\n<p><img data-recalc-dims=\"1\" loading=\"lazy\" decoding=\"async\" class=\"alignnone size-full wp-image-3882\" src=\"https:\/\/i0.wp.com\/vaimenina.com.br\/blog\/wp-content\/uploads\/2018\/03\/Fim-de-semana-em-S\u00e3o-Paulo-castelo-ra-tim-bum-gato.jpg?resize=4096%2C2304\" alt=\"Fim-de-semana-em-S\u00e3o-Paulo-castelo-ra-tim-bum-gato\" width=\"4096\" height=\"2304\" srcset=\"https:\/\/i0.wp.com\/vaimenina.com.br\/blog\/wp-content\/uploads\/2018\/03\/Fim-de-semana-em-S\u00e3o-Paulo-castelo-ra-tim-bum-gato.jpg?w=4096&amp;ssl=1 4096w, https:\/\/i0.wp.com\/vaimenina.com.br\/blog\/wp-content\/uploads\/2018\/03\/Fim-de-semana-em-S\u00e3o-Paulo-castelo-ra-tim-bum-gato.jpg?resize=768%2C432&amp;ssl=1 768w, https:\/\/i0.wp.com\/vaimenina.com.br\/blog\/wp-content\/uploads\/2018\/03\/Fim-de-semana-em-S\u00e3o-Paulo-castelo-ra-tim-bum-gato.jpg?resize=1080%2C608&amp;ssl=1 1080w, https:\/\/i0.wp.com\/vaimenina.com.br\/blog\/wp-content\/uploads\/2018\/03\/Fim-de-semana-em-S\u00e3o-Paulo-castelo-ra-tim-bum-gato.jpg?resize=300%2C169&amp;ssl=1 300w, https:\/\/i0.wp.com\/vaimenina.com.br\/blog\/wp-content\/uploads\/2018\/03\/Fim-de-semana-em-S\u00e3o-Paulo-castelo-ra-tim-bum-gato.jpg?resize=870%2C489&amp;ssl=1 870w, https:\/\/i0.wp.com\/vaimenina.com.br\/blog\/wp-content\/uploads\/2018\/03\/Fim-de-semana-em-S\u00e3o-Paulo-castelo-ra-tim-bum-gato.jpg?w=2000&amp;ssl=1 2000w, https:\/\/i0.wp.com\/vaimenina.com.br\/blog\/wp-content\/uploads\/2018\/03\/Fim-de-semana-em-S\u00e3o-Paulo-castelo-ra-tim-bum-gato.jpg?w=3000&amp;ssl=1 3000w\" sizes=\"(max-width: 1000px) 100vw, 1000px\" \/><\/p>\n<p><img data-recalc-dims=\"1\" loading=\"lazy\" decoding=\"async\" class=\"alignnone size-full wp-image-3892\" src=\"https:\/\/i0.wp.com\/vaimenina.com.br\/blog\/wp-content\/uploads\/2018\/03\/Fim-de-semana-em-Sao-Paulo-ra-tim-bum.jpg?resize=4096%2C2160\" alt=\"Fim-de-semana-em-Sao-Paulo-ra-tim-bum\" width=\"4096\" height=\"2160\" srcset=\"https:\/\/i0.wp.com\/vaimenina.com.br\/blog\/wp-content\/uploads\/2018\/03\/Fim-de-semana-em-Sao-Paulo-ra-tim-bum.jpg?w=4096&amp;ssl=1 4096w, https:\/\/i0.wp.com\/vaimenina.com.br\/blog\/wp-content\/uploads\/2018\/03\/Fim-de-semana-em-Sao-Paulo-ra-tim-bum.jpg?resize=768%2C405&amp;ssl=1 768w, https:\/\/i0.wp.com\/vaimenina.com.br\/blog\/wp-content\/uploads\/2018\/03\/Fim-de-semana-em-Sao-Paulo-ra-tim-bum.jpg?resize=1080%2C570&amp;ssl=1 1080w, https:\/\/i0.wp.com\/vaimenina.com.br\/blog\/wp-content\/uploads\/2018\/03\/Fim-de-semana-em-Sao-Paulo-ra-tim-bum.jpg?resize=300%2C158&amp;ssl=1 300w, https:\/\/i0.wp.com\/vaimenina.com.br\/blog\/wp-content\/uploads\/2018\/03\/Fim-de-semana-em-Sao-Paulo-ra-tim-bum.jpg?resize=870%2C459&amp;ssl=1 870w, https:\/\/i0.wp.com\/vaimenina.com.br\/blog\/wp-content\/uploads\/2018\/03\/Fim-de-semana-em-Sao-Paulo-ra-tim-bum.jpg?w=2000&amp;ssl=1 2000w, https:\/\/i0.wp.com\/vaimenina.com.br\/blog\/wp-content\/uploads\/2018\/03\/Fim-de-semana-em-Sao-Paulo-ra-tim-bum.jpg?w=3000&amp;ssl=1 3000w\" sizes=\"(max-width: 1000px) 100vw, 1000px\" \/><\/p>\n<p>&nbsp;<\/p>\n<blockquote class=\"instagram-media\" data-instgrm-captioned data-instgrm-permalink=\"https:\/\/www.instagram.com\/p\/BbrS5GPH40x\/?utm_source=ig_embed&amp;utm_campaign=loading\" data-instgrm-version=\"14\" style=\" background:#FFF; border:0; border-radius:3px; box-shadow:0 0 1px 0 rgba(0,0,0,0.5),0 1px 10px 0 rgba(0,0,0,0.15); margin: 1px; max-width:500px; min-width:326px; padding:0; width:99.375%; width:-webkit-calc(100% - 2px); width:calc(100% - 2px);\">\n<div style=\"padding:16px;\"> <a href=\"https:\/\/www.instagram.com\/p\/BbrS5GPH40x\/?utm_source=ig_embed&amp;utm_campaign=loading\" style=\" background:#FFFFFF; line-height:0; padding:0 0; text-align:center; text-decoration:none; width:100%;\" target=\"_blank\"> <\/p>\n<div style=\" display: flex; flex-direction: row; align-items: center;\">\n<div style=\"background-color: #F4F4F4; border-radius: 50%; flex-grow: 0; height: 40px; margin-right: 14px; width: 40px;\"><\/div>\n<div style=\"display: flex; flex-direction: column; flex-grow: 1; justify-content: center;\">\n<div style=\" background-color: #F4F4F4; border-radius: 4px; flex-grow: 0; height: 14px; margin-bottom: 6px; width: 100px;\"><\/div>\n<div style=\" background-color: #F4F4F4; border-radius: 4px; flex-grow: 0; height: 14px; width: 60px;\"><\/div>\n<\/div>\n<\/div>\n<div style=\"padding: 19% 0;\"><\/div>\n<div style=\"display:block; height:50px; margin:0 auto 12px; width:50px;\"><svg width=\"50px\" height=\"50px\" viewBox=\"0 0 60 60\" version=\"1.1\" xmlns=\"https:\/\/www.w3.org\/2000\/svg\" xmlns:xlink=\"https:\/\/www.w3.org\/1999\/xlink\"><g stroke=\"none\" stroke-width=\"1\" fill=\"none\" fill-rule=\"evenodd\"><g transform=\"translate(-511.000000, -20.000000)\" fill=\"#000000\"><g><path d=\"M556.869,30.41 C554.814,30.41 553.148,32.076 553.148,34.131 C553.148,36.186 554.814,37.852 556.869,37.852 C558.924,37.852 560.59,36.186 560.59,34.131 C560.59,32.076 558.924,30.41 556.869,30.41 M541,60.657 C535.114,60.657 530.342,55.887 530.342,50 C530.342,44.114 535.114,39.342 541,39.342 C546.887,39.342 551.658,44.114 551.658,50 C551.658,55.887 546.887,60.657 541,60.657 M541,33.886 C532.1,33.886 524.886,41.1 524.886,50 C524.886,58.899 532.1,66.113 541,66.113 C549.9,66.113 557.115,58.899 557.115,50 C557.115,41.1 549.9,33.886 541,33.886 M565.378,62.101 C565.244,65.022 564.756,66.606 564.346,67.663 C563.803,69.06 563.154,70.057 562.106,71.106 C561.058,72.155 560.06,72.803 558.662,73.347 C557.607,73.757 556.021,74.244 553.102,74.378 C549.944,74.521 548.997,74.552 541,74.552 C533.003,74.552 532.056,74.521 528.898,74.378 C525.979,74.244 524.393,73.757 523.338,73.347 C521.94,72.803 520.942,72.155 519.894,71.106 C518.846,70.057 518.197,69.06 517.654,67.663 C517.244,66.606 516.755,65.022 516.623,62.101 C516.479,58.943 516.448,57.996 516.448,50 C516.448,42.003 516.479,41.056 516.623,37.899 C516.755,34.978 517.244,33.391 517.654,32.338 C518.197,30.938 518.846,29.942 519.894,28.894 C520.942,27.846 521.94,27.196 523.338,26.654 C524.393,26.244 525.979,25.756 528.898,25.623 C532.057,25.479 533.004,25.448 541,25.448 C548.997,25.448 549.943,25.479 553.102,25.623 C556.021,25.756 557.607,26.244 558.662,26.654 C560.06,27.196 561.058,27.846 562.106,28.894 C563.154,29.942 563.803,30.938 564.346,32.338 C564.756,33.391 565.244,34.978 565.378,37.899 C565.522,41.056 565.552,42.003 565.552,50 C565.552,57.996 565.522,58.943 565.378,62.101 M570.82,37.631 C570.674,34.438 570.167,32.258 569.425,30.349 C568.659,28.377 567.633,26.702 565.965,25.035 C564.297,23.368 562.623,22.342 560.652,21.575 C558.743,20.834 556.562,20.326 553.369,20.18 C550.169,20.033 549.148,20 541,20 C532.853,20 531.831,20.033 528.631,20.18 C525.438,20.326 523.257,20.834 521.349,21.575 C519.376,22.342 517.703,23.368 516.035,25.035 C514.368,26.702 513.342,28.377 512.574,30.349 C511.834,32.258 511.326,34.438 511.181,37.631 C511.035,40.831 511,41.851 511,50 C511,58.147 511.035,59.17 511.181,62.369 C511.326,65.562 511.834,67.743 512.574,69.651 C513.342,71.625 514.368,73.296 516.035,74.965 C517.703,76.634 519.376,77.658 521.349,78.425 C523.257,79.167 525.438,79.673 528.631,79.82 C531.831,79.965 532.853,80.001 541,80.001 C549.148,80.001 550.169,79.965 553.369,79.82 C556.562,79.673 558.743,79.167 560.652,78.425 C562.623,77.658 564.297,76.634 565.965,74.965 C567.633,73.296 568.659,71.625 569.425,69.651 C570.167,67.743 570.674,65.562 570.82,62.369 C570.966,59.17 571,58.147 571,50 C571,41.851 570.966,40.831 570.82,37.631\"><\/path><\/g><\/g><\/g><\/svg><\/div>\n<div style=\"padding-top: 8px;\">\n<div style=\" color:#3897f0; font-family:Arial,sans-serif; font-size:14px; font-style:normal; font-weight:550; line-height:18px;\">View this post on Instagram<\/div>\n<\/div>\n<div style=\"padding: 12.5% 0;\"><\/div>\n<div style=\"display: flex; flex-direction: row; margin-bottom: 14px; align-items: center;\">\n<div>\n<div style=\"background-color: #F4F4F4; border-radius: 50%; height: 12.5px; width: 12.5px; transform: translateX(0px) translateY(7px);\"><\/div>\n<div style=\"background-color: #F4F4F4; height: 12.5px; transform: rotate(-45deg) translateX(3px) translateY(1px); width: 12.5px; flex-grow: 0; margin-right: 14px; margin-left: 2px;\"><\/div>\n<div style=\"background-color: #F4F4F4; border-radius: 50%; height: 12.5px; width: 12.5px; transform: translateX(9px) translateY(-18px);\"><\/div>\n<\/div>\n<div style=\"margin-left: 8px;\">\n<div style=\" background-color: #F4F4F4; border-radius: 50%; flex-grow: 0; height: 20px; width: 20px;\"><\/div>\n<div style=\" width: 0; height: 0; border-top: 2px solid transparent; border-left: 6px solid #f4f4f4; border-bottom: 2px solid transparent; transform: translateX(16px) translateY(-4px) rotate(30deg)\"><\/div>\n<\/div>\n<div style=\"margin-left: auto;\">\n<div style=\" width: 0px; border-top: 8px solid #F4F4F4; border-right: 8px solid transparent; transform: translateY(16px);\"><\/div>\n<div style=\" background-color: #F4F4F4; flex-grow: 0; height: 12px; width: 16px; transform: translateY(-4px);\"><\/div>\n<div style=\" width: 0; height: 0; border-top: 8px solid #F4F4F4; border-left: 8px solid transparent; transform: translateY(-4px) translateX(8px);\"><\/div>\n<\/div>\n<\/div>\n<div style=\"display: flex; flex-direction: column; flex-grow: 1; justify-content: center; margin-bottom: 24px;\">\n<div style=\" background-color: #F4F4F4; border-radius: 4px; flex-grow: 0; height: 14px; margin-bottom: 6px; width: 224px;\"><\/div>\n<div style=\" background-color: #F4F4F4; border-radius: 4px; flex-grow: 0; height: 14px; width: 144px;\"><\/div>\n<\/div>\n<p><\/a><\/p>\n<p style=\" color:#c9c8cd; font-family:Arial,sans-serif; font-size:14px; line-height:17px; margin-bottom:0; margin-top:8px; overflow:hidden; padding:8px 0 7px; text-align:center; text-overflow:ellipsis; white-space:nowrap;\"><a href=\"https:\/\/www.instagram.com\/p\/BbrS5GPH40x\/?utm_source=ig_embed&amp;utm_campaign=loading\" style=\" color:#c9c8cd; font-family:Arial,sans-serif; font-size:14px; font-style:normal; font-weight:normal; line-height:17px; text-decoration:none;\" target=\"_blank\">A post shared by J\u00e9ssica Ambr\u00f3sio (@jessica.ambrosiob)<\/a><\/p>\n<\/div>\n<\/blockquote>\n<p><script async src=\"\/\/platform.instagram.com\/en_US\/embeds.js\"><\/script><\/p>\n<p><strong>Avenida Paulista, Casa das Rosas, Ita\u00fa Cultural e Shoppings<\/strong><br \/>\nNosso \u00faltimo destino foi a<strong> Avenida Paulista<\/strong>, que fica fechada aos domingos,\u00a0entre 11h e 18h. \u00c9 muito legal ver a galera ocupando o espa\u00e7o p\u00fablico, vimos v\u00e1rios grupos de jovens, crian\u00e7as, adultos, muita gente com cachorros, grupos de dan\u00e7a&#8230; Caminhamos toda a extens\u00e3o da avenida que estava fechada, e visitamos dois centro culturais: a Casa das Rosas e o Ita\u00fa Cultural. Foram visitas r\u00e1pidas porque nosso tempo era apertado, mas mesmo assim muito legal. Na <strong>Casa das Rosas<\/strong> n\u00f3s conhecemos o interior da casa e o jardim. As flores n\u00e3o estavam t\u00e3o bonitas por conta da chuva, mas o espa\u00e7o \u00e9 uma del\u00edcia, d\u00e1 vontade de passar a tarde toda l\u00e1. Conforme a guia do Theatro nos explicou no dia anterior, o mesmo arquiteto do Municipal tamb\u00e9m projetou a Casa das Rosas.<\/p>\n<p><img data-recalc-dims=\"1\" loading=\"lazy\" decoding=\"async\" class=\"alignnone size-full wp-image-3881\" src=\"https:\/\/i0.wp.com\/vaimenina.com.br\/blog\/wp-content\/uploads\/2018\/03\/Fim-de-semana-em-S\u00e3o-Paulo-casa-das-rosas.jpg?resize=1800%2C994\" alt=\"Fim-de-semana-em-S\u00e3o-Paulo-casa-das-rosas\" width=\"1800\" height=\"994\" srcset=\"https:\/\/i0.wp.com\/vaimenina.com.br\/blog\/wp-content\/uploads\/2018\/03\/Fim-de-semana-em-S\u00e3o-Paulo-casa-das-rosas.jpg?w=1800&amp;ssl=1 1800w, https:\/\/i0.wp.com\/vaimenina.com.br\/blog\/wp-content\/uploads\/2018\/03\/Fim-de-semana-em-S\u00e3o-Paulo-casa-das-rosas.jpg?resize=768%2C424&amp;ssl=1 768w, https:\/\/i0.wp.com\/vaimenina.com.br\/blog\/wp-content\/uploads\/2018\/03\/Fim-de-semana-em-S\u00e3o-Paulo-casa-das-rosas.jpg?resize=1080%2C596&amp;ssl=1 1080w, https:\/\/i0.wp.com\/vaimenina.com.br\/blog\/wp-content\/uploads\/2018\/03\/Fim-de-semana-em-S\u00e3o-Paulo-casa-das-rosas.jpg?resize=300%2C166&amp;ssl=1 300w, https:\/\/i0.wp.com\/vaimenina.com.br\/blog\/wp-content\/uploads\/2018\/03\/Fim-de-semana-em-S\u00e3o-Paulo-casa-das-rosas.jpg?resize=870%2C480&amp;ssl=1 870w\" sizes=\"(max-width: 1000px) 100vw, 1000px\" \/><\/p>\n<p><img data-recalc-dims=\"1\" loading=\"lazy\" decoding=\"async\" class=\"alignnone size-full wp-image-3879\" src=\"https:\/\/i0.wp.com\/vaimenina.com.br\/blog\/wp-content\/uploads\/2018\/03\/Fim-de-semana-em-S\u00e3o-Paulo-azulejo-casa-rosas.jpg?resize=3784%2C1980\" alt=\"Fim-de-semana-em-S\u00e3o-Paulo-azulejo-casa-rosas\" width=\"3784\" height=\"1980\" srcset=\"https:\/\/i0.wp.com\/vaimenina.com.br\/blog\/wp-content\/uploads\/2018\/03\/Fim-de-semana-em-S\u00e3o-Paulo-azulejo-casa-rosas.jpg?w=3784&amp;ssl=1 3784w, https:\/\/i0.wp.com\/vaimenina.com.br\/blog\/wp-content\/uploads\/2018\/03\/Fim-de-semana-em-S\u00e3o-Paulo-azulejo-casa-rosas.jpg?resize=768%2C402&amp;ssl=1 768w, https:\/\/i0.wp.com\/vaimenina.com.br\/blog\/wp-content\/uploads\/2018\/03\/Fim-de-semana-em-S\u00e3o-Paulo-azulejo-casa-rosas.jpg?resize=1080%2C565&amp;ssl=1 1080w, https:\/\/i0.wp.com\/vaimenina.com.br\/blog\/wp-content\/uploads\/2018\/03\/Fim-de-semana-em-S\u00e3o-Paulo-azulejo-casa-rosas.jpg?resize=300%2C157&amp;ssl=1 300w, https:\/\/i0.wp.com\/vaimenina.com.br\/blog\/wp-content\/uploads\/2018\/03\/Fim-de-semana-em-S\u00e3o-Paulo-azulejo-casa-rosas.jpg?resize=870%2C455&amp;ssl=1 870w, https:\/\/i0.wp.com\/vaimenina.com.br\/blog\/wp-content\/uploads\/2018\/03\/Fim-de-semana-em-S\u00e3o-Paulo-azulejo-casa-rosas.jpg?w=2000&amp;ssl=1 2000w, https:\/\/i0.wp.com\/vaimenina.com.br\/blog\/wp-content\/uploads\/2018\/03\/Fim-de-semana-em-S\u00e3o-Paulo-azulejo-casa-rosas.jpg?w=3000&amp;ssl=1 3000w\" sizes=\"(max-width: 1000px) 100vw, 1000px\" \/><\/p>\n<p>No <strong>Ita\u00fa Cultural<\/strong> conferimos a exposi\u00e7\u00e3o Brasiliana para Ita\u00fa, com dois andares de documentos, gravuras, moedas e outras pe\u00e7as que desde o descobrimento do Brasil, com as diversas interpreta\u00e7\u00f5es de artistas da \u00e9poca, at\u00e9 a rep\u00fablica. Meus preferidos foram as ilustra\u00e7\u00f5es de flora e fauna, que cobrem dois lances de escada, e o retrato do povo negro, por Debr\u00e9t e outros artistas.<br \/>\nNessa caminhada pela Paulista, demos uma passadinha em 3 shoppings: P\u00e1tio Paulista, que foi o in\u00edcio da caminhada, TopCenter onde almo\u00e7amos comida mexicana e Center 3, esse \u00faltimo nos atraiu pela decora\u00e7\u00e3o de Natal, que n\u00e3o era das mais expressivas de SP, mas estava no meio do caminho e rendeu fotos lindas.<\/p>\n<p><img data-recalc-dims=\"1\" loading=\"lazy\" decoding=\"async\" class=\"alignnone size-full wp-image-3917\" src=\"https:\/\/i0.wp.com\/vaimenina.com.br\/blog\/wp-content\/uploads\/2018\/03\/Fim-de-semana-em-S\u00e3o-Paulo-itau-cultural-1.jpg?resize=4096%2C1980\" alt=\"Fim-de-semana-em-S\u00e3o-Paulo-itau-cultural\" width=\"4096\" height=\"1980\" srcset=\"https:\/\/i0.wp.com\/vaimenina.com.br\/blog\/wp-content\/uploads\/2018\/03\/Fim-de-semana-em-S\u00e3o-Paulo-itau-cultural-1.jpg?w=4096&amp;ssl=1 4096w, https:\/\/i0.wp.com\/vaimenina.com.br\/blog\/wp-content\/uploads\/2018\/03\/Fim-de-semana-em-S\u00e3o-Paulo-itau-cultural-1.jpg?resize=768%2C371&amp;ssl=1 768w, https:\/\/i0.wp.com\/vaimenina.com.br\/blog\/wp-content\/uploads\/2018\/03\/Fim-de-semana-em-S\u00e3o-Paulo-itau-cultural-1.jpg?resize=1080%2C522&amp;ssl=1 1080w, https:\/\/i0.wp.com\/vaimenina.com.br\/blog\/wp-content\/uploads\/2018\/03\/Fim-de-semana-em-S\u00e3o-Paulo-itau-cultural-1.jpg?resize=300%2C145&amp;ssl=1 300w, https:\/\/i0.wp.com\/vaimenina.com.br\/blog\/wp-content\/uploads\/2018\/03\/Fim-de-semana-em-S\u00e3o-Paulo-itau-cultural-1.jpg?resize=870%2C421&amp;ssl=1 870w, https:\/\/i0.wp.com\/vaimenina.com.br\/blog\/wp-content\/uploads\/2018\/03\/Fim-de-semana-em-S\u00e3o-Paulo-itau-cultural-1.jpg?w=2000&amp;ssl=1 2000w, https:\/\/i0.wp.com\/vaimenina.com.br\/blog\/wp-content\/uploads\/2018\/03\/Fim-de-semana-em-S\u00e3o-Paulo-itau-cultural-1.jpg?w=3000&amp;ssl=1 3000w\" sizes=\"(max-width: 1000px) 100vw, 1000px\" \/><\/p>\n<p><img data-recalc-dims=\"1\" loading=\"lazy\" decoding=\"async\" class=\"alignnone size-full wp-image-3922\" src=\"https:\/\/i0.wp.com\/vaimenina.com.br\/blog\/wp-content\/uploads\/2018\/03\/Fim-de-semana-em-S\u00e3o-Paulo-shopping-patio-paulista-top-center-center-3.jpg?resize=1800%2C715\" alt=\"Fim-de-semana-em-S\u00e3o-Paulo-shopping-patio-paulista-top-center-center-3\" width=\"1800\" height=\"715\" srcset=\"https:\/\/i0.wp.com\/vaimenina.com.br\/blog\/wp-content\/uploads\/2018\/03\/Fim-de-semana-em-S\u00e3o-Paulo-shopping-patio-paulista-top-center-center-3.jpg?w=1800&amp;ssl=1 1800w, https:\/\/i0.wp.com\/vaimenina.com.br\/blog\/wp-content\/uploads\/2018\/03\/Fim-de-semana-em-S\u00e3o-Paulo-shopping-patio-paulista-top-center-center-3.jpg?resize=768%2C305&amp;ssl=1 768w, https:\/\/i0.wp.com\/vaimenina.com.br\/blog\/wp-content\/uploads\/2018\/03\/Fim-de-semana-em-S\u00e3o-Paulo-shopping-patio-paulista-top-center-center-3.jpg?resize=1080%2C429&amp;ssl=1 1080w, https:\/\/i0.wp.com\/vaimenina.com.br\/blog\/wp-content\/uploads\/2018\/03\/Fim-de-semana-em-S\u00e3o-Paulo-shopping-patio-paulista-top-center-center-3.jpg?resize=300%2C119&amp;ssl=1 300w, https:\/\/i0.wp.com\/vaimenina.com.br\/blog\/wp-content\/uploads\/2018\/03\/Fim-de-semana-em-S\u00e3o-Paulo-shopping-patio-paulista-top-center-center-3.jpg?resize=870%2C346&amp;ssl=1 870w\" sizes=\"(max-width: 1000px) 100vw, 1000px\" \/><\/p>\n<p><strong>Compras<\/strong><br \/>\nN\u00e3o foi a inten\u00e7\u00e3o da viagem, ent\u00e3o compramos poucas coisas mesmo. Na 25 de Mar\u00e7o escolhemos alguns el\u00e1stico de cabelo, almofadas de pesco\u00e7o fofinhas da M\u00f4nica Toy (R$20,00) e a Carol achou essa bolsinha de couro fake com paet\u00ea da Minnie que est\u00e1 na foto acima, a coisa mais linda do mundo (R$37,00)! Estou arrependida de n\u00e3o ter pego uma pra mim tamb\u00e9m, mas acho que vou acabar usando emprestada hehe.<br \/>\nNo Shopping P\u00e1tio Paulista a Carol comprou suti\u00e3s maravilhosos na Loungerie (eu morri de vontade, mas gra\u00e7as ao maravilhoso <a href=\"http:\/\/vaimenina.com.br\/blog\/cha-de-lingerie-surpresa\/\"><strong>ch\u00e1 de lingerie<\/strong><\/a> estou com a gaveta cheia, am\u00e9m!). Por fim, no Top Center eu comprei uma legging (R$20,00) e um curvex (R$15,90) na Forever 21, e foi s\u00f3 isso.<\/p>\n<p><strong>Considera\u00e7\u00f5es<\/strong><br \/>\nFoi pouco tempo\u00a0na terra da garoa, mas acho que conseguimos aproveitar bem nosso fim de semana em S\u00e3o Paulo. A prioridade era a Carol, j\u00e1 que foi a primeira vez dela na cidade, ent\u00e3o refiz alguns passeios, o que foi muito legal porque a gente sempre volta com outros olhos. Estamos planejando nosso pr\u00f3xima visita para maio, e dessa vez quero incluir outros pontos. Voc\u00ea tem alguma sugest\u00e3o? Deixe nos coment\u00e1rios, vai me ajudar muito!<\/p>\n<p>Beijos e at\u00e9 o pr\u00f3ximo.<\/p>\n<div class=\"pntrst_main_before_after\"><\/div>","protected":false},"excerpt":{"rendered":"<p>Follow me Oi gente, tudo bom? O post de hoje \u00e9 uma viagem bem rapidinha, que fiz no final do ano passado: um\u00a0fim de semana em S\u00e3o Paulo\u00a0com minha irm\u00e3. O que a torna especial \u00e9 que estava na minha listinha de 25 coisas para fazer. Passamos o final de semana por l\u00e1 e como [&hellip;]<\/p>\n","protected":false},"author":1,"featured_media":3877,"comment_status":"open","ping_status":"open","sticky":false,"template":"","format":"standard","meta":{"_exactmetrics_skip_tracking":false,"_exactmetrics_sitenote_active":false,"_exactmetrics_sitenote_note":"","_exactmetrics_sitenote_category":0,"jetpack_post_was_ever_published":false,"_jetpack_newsletter_access":"","_jetpack_dont_email_post_to_subs":false,"_jetpack_newsletter_tier_id":0,"_jetpack_memberships_contains_paywalled_content":false,"_jetpack_memberships_contains_paid_content":false,"footnotes":"","jetpack_publicize_message":"","jetpack_publicize_feature_enabled":true,"jetpack_social_post_already_shared":true,"jetpack_social_options":{"image_generator_settings":{"template":"highway","enabled":false},"version":2}},"categories":[12],"tags":[355,354],"class_list":["post-3827","post","type-post","status-publish","format-standard","has-post-thumbnail","hentry","category-viagem","tag-roteiro","tag-sao-paulo"],"jetpack_publicize_connections":[],"yoast_head":"<!-- This site is optimized with the Yoast SEO plugin v23.5 - https:\/\/yoast.com\/wordpress\/plugins\/seo\/ -->\n<title>Viagem: Fim de semana em S\u00e3o Paulo - Vai Menina<\/title>\n<meta name=\"description\" content=\"Meu roteiro para um fim de semana em S\u00e3o Paulo, com rol\u00ea na Liberdade, tour no Theatro Municipal, dica de bar, shoppings e domingo na Paulista fechada.\" \/>\n<meta name=\"robots\" content=\"index, follow, max-snippet:-1, max-image-preview:large, max-video-preview:-1\" \/>\n<link rel=\"canonical\" href=\"https:\/\/vaimenina.com.br\/blog\/viagem-fim-de-semana-em-sao-paulo\/\" \/>\n<meta property=\"og:locale\" content=\"pt_BR\" \/>\n<meta property=\"og:type\" content=\"article\" \/>\n<meta property=\"og:title\" content=\"Viagem: Fim de semana em S\u00e3o Paulo - Vai Menina\" \/>\n<meta property=\"og:description\" content=\"Meu roteiro para um fim de semana em S\u00e3o Paulo, com rol\u00ea na Liberdade, tour no Theatro Municipal, dica de bar, shoppings e domingo na Paulista fechada.\" \/>\n<meta property=\"og:url\" content=\"https:\/\/vaimenina.com.br\/blog\/viagem-fim-de-semana-em-sao-paulo\/\" \/>\n<meta property=\"og:site_name\" content=\"Vai Menina\" \/>\n<meta property=\"article:publisher\" content=\"https:\/\/www.facebook.com\/vaimenina\/\" \/>\n<meta property=\"article:published_time\" content=\"2018-04-06T00:30:21+00:00\" \/>\n<meta property=\"article:modified_time\" content=\"2019-01-15T04:47:26+00:00\" \/>\n<meta property=\"og:image\" content=\"https:\/\/i0.wp.com\/vaimenina.com.br\/blog\/wp-content\/uploads\/2018\/03\/Fim-de-semana-em-S\u00e3o-Paulo-vai-menina.jpg?fit=3120%2C1376&ssl=1\" \/>\n\t<meta property=\"og:image:width\" content=\"3120\" \/>\n\t<meta property=\"og:image:height\" content=\"1376\" \/>\n\t<meta property=\"og:image:type\" content=\"image\/jpeg\" \/>\n<meta name=\"author\" content=\"J\u00e9ssica Ambr\u00f3sio\" \/>\n<meta name=\"twitter:label1\" content=\"Escrito por\" \/>\n\t<meta name=\"twitter:data1\" content=\"J\u00e9ssica Ambr\u00f3sio\" \/>\n\t<meta name=\"twitter:label2\" content=\"Est. tempo de leitura\" \/>\n\t<meta name=\"twitter:data2\" content=\"8 minutos\" \/>\n<script type=\"application\/ld+json\" class=\"yoast-schema-graph\">{\"@context\":\"https:\/\/schema.org\",\"@graph\":[{\"@type\":\"WebPage\",\"@id\":\"https:\/\/vaimenina.com.br\/blog\/viagem-fim-de-semana-em-sao-paulo\/\",\"url\":\"https:\/\/vaimenina.com.br\/blog\/viagem-fim-de-semana-em-sao-paulo\/\",\"name\":\"Viagem: Fim de semana em S\u00e3o Paulo - Vai Menina\",\"isPartOf\":{\"@id\":\"https:\/\/vaimenina.com.br\/blog\/#website\"},\"primaryImageOfPage\":{\"@id\":\"https:\/\/vaimenina.com.br\/blog\/viagem-fim-de-semana-em-sao-paulo\/#primaryimage\"},\"image\":{\"@id\":\"https:\/\/vaimenina.com.br\/blog\/viagem-fim-de-semana-em-sao-paulo\/#primaryimage\"},\"thumbnailUrl\":\"https:\/\/i0.wp.com\/vaimenina.com.br\/blog\/wp-content\/uploads\/2018\/03\/Fim-de-semana-em-S\u00e3o-Paulo-vai-menina.jpg?fit=3120%2C1376&ssl=1\",\"datePublished\":\"2018-04-06T00:30:21+00:00\",\"dateModified\":\"2019-01-15T04:47:26+00:00\",\"author\":{\"@id\":\"https:\/\/vaimenina.com.br\/blog\/#\/schema\/person\/1bb0854ebc4c892c2d934c1682a715e5\"},\"description\":\"Meu roteiro para um fim de semana em S\u00e3o Paulo, com rol\u00ea na Liberdade, tour no Theatro Municipal, dica de bar, shoppings e domingo na Paulista fechada.\",\"breadcrumb\":{\"@id\":\"https:\/\/vaimenina.com.br\/blog\/viagem-fim-de-semana-em-sao-paulo\/#breadcrumb\"},\"inLanguage\":\"pt-BR\",\"potentialAction\":[{\"@type\":\"ReadAction\",\"target\":[\"https:\/\/vaimenina.com.br\/blog\/viagem-fim-de-semana-em-sao-paulo\/\"]}]},{\"@type\":\"ImageObject\",\"inLanguage\":\"pt-BR\",\"@id\":\"https:\/\/vaimenina.com.br\/blog\/viagem-fim-de-semana-em-sao-paulo\/#primaryimage\",\"url\":\"https:\/\/i0.wp.com\/vaimenina.com.br\/blog\/wp-content\/uploads\/2018\/03\/Fim-de-semana-em-S\u00e3o-Paulo-vai-menina.jpg?fit=3120%2C1376&ssl=1\",\"contentUrl\":\"https:\/\/i0.wp.com\/vaimenina.com.br\/blog\/wp-content\/uploads\/2018\/03\/Fim-de-semana-em-S\u00e3o-Paulo-vai-menina.jpg?fit=3120%2C1376&ssl=1\",\"width\":3120,\"height\":1376,\"caption\":\"Fim-de-semana-em-S\u00e3o-Paulo-vai-menina\"},{\"@type\":\"BreadcrumbList\",\"@id\":\"https:\/\/vaimenina.com.br\/blog\/viagem-fim-de-semana-em-sao-paulo\/#breadcrumb\",\"itemListElement\":[{\"@type\":\"ListItem\",\"position\":1,\"name\":\"In\u00edcio\",\"item\":\"https:\/\/vaimenina.com.br\/blog\/\"},{\"@type\":\"ListItem\",\"position\":2,\"name\":\"Viagem: Fim de semana em S\u00e3o Paulo\"}]},{\"@type\":\"WebSite\",\"@id\":\"https:\/\/vaimenina.com.br\/blog\/#website\",\"url\":\"https:\/\/vaimenina.com.br\/blog\/\",\"name\":\"Vai Menina\",\"description\":\"Viagens, ballet, cabelo, comportamento e mais...\",\"potentialAction\":[{\"@type\":\"SearchAction\",\"target\":{\"@type\":\"EntryPoint\",\"urlTemplate\":\"https:\/\/vaimenina.com.br\/blog\/?s={search_term_string}\"},\"query-input\":{\"@type\":\"PropertyValueSpecification\",\"valueRequired\":true,\"valueName\":\"search_term_string\"}}],\"inLanguage\":\"pt-BR\"},{\"@type\":\"Person\",\"@id\":\"https:\/\/vaimenina.com.br\/blog\/#\/schema\/person\/1bb0854ebc4c892c2d934c1682a715e5\",\"name\":\"J\u00e9ssica Ambr\u00f3sio\",\"image\":{\"@type\":\"ImageObject\",\"inLanguage\":\"pt-BR\",\"@id\":\"https:\/\/vaimenina.com.br\/blog\/#\/schema\/person\/image\/\",\"url\":\"https:\/\/secure.gravatar.com\/avatar\/be6d47f8502242c8b858a32c7dfc6d39?s=96&d=mm&r=g\",\"contentUrl\":\"https:\/\/secure.gravatar.com\/avatar\/be6d47f8502242c8b858a32c7dfc6d39?s=96&d=mm&r=g\",\"caption\":\"J\u00e9ssica Ambr\u00f3sio\"},\"description\":\"Publicit\u00e1ria, bailarina e cacheada. Adoro escrever e estou descobrindo as del\u00edcias de viajar. Tudo no custo-ben\u00ea, claro.\",\"sameAs\":[\"http:\/\/vaimenina.com.br\"],\"url\":\"https:\/\/vaimenina.com.br\/blog\/author\/jeh-ambrosiogmail-com\/\"}]}<\/script>\n<!-- \/ Yoast SEO plugin. -->","yoast_head_json":{"title":"Viagem: Fim de semana em S\u00e3o Paulo - Vai Menina","description":"Meu roteiro para um fim de semana em S\u00e3o Paulo, com rol\u00ea na Liberdade, tour no Theatro Municipal, dica de bar, shoppings e domingo na Paulista fechada.","robots":{"index":"index","follow":"follow","max-snippet":"max-snippet:-1","max-image-preview":"max-image-preview:large","max-video-preview":"max-video-preview:-1"},"canonical":"https:\/\/vaimenina.com.br\/blog\/viagem-fim-de-semana-em-sao-paulo\/","og_locale":"pt_BR","og_type":"article","og_title":"Viagem: Fim de semana em S\u00e3o Paulo - Vai Menina","og_description":"Meu roteiro para um fim de semana em S\u00e3o Paulo, com rol\u00ea na Liberdade, tour no Theatro Municipal, dica de bar, shoppings e domingo na Paulista fechada.","og_url":"https:\/\/vaimenina.com.br\/blog\/viagem-fim-de-semana-em-sao-paulo\/","og_site_name":"Vai Menina","article_publisher":"https:\/\/www.facebook.com\/vaimenina\/","article_published_time":"2018-04-06T00:30:21+00:00","article_modified_time":"2019-01-15T04:47:26+00:00","og_image":[{"width":3120,"height":1376,"url":"https:\/\/i0.wp.com\/vaimenina.com.br\/blog\/wp-content\/uploads\/2018\/03\/Fim-de-semana-em-S\u00e3o-Paulo-vai-menina.jpg?fit=3120%2C1376&ssl=1","type":"image\/jpeg"}],"author":"J\u00e9ssica Ambr\u00f3sio","twitter_misc":{"Escrito por":"J\u00e9ssica Ambr\u00f3sio","Est. tempo de leitura":"8 minutos"},"schema":{"@context":"https:\/\/schema.org","@graph":[{"@type":"WebPage","@id":"https:\/\/vaimenina.com.br\/blog\/viagem-fim-de-semana-em-sao-paulo\/","url":"https:\/\/vaimenina.com.br\/blog\/viagem-fim-de-semana-em-sao-paulo\/","name":"Viagem: Fim de semana em S\u00e3o Paulo - Vai Menina","isPartOf":{"@id":"https:\/\/vaimenina.com.br\/blog\/#website"},"primaryImageOfPage":{"@id":"https:\/\/vaimenina.com.br\/blog\/viagem-fim-de-semana-em-sao-paulo\/#primaryimage"},"image":{"@id":"https:\/\/vaimenina.com.br\/blog\/viagem-fim-de-semana-em-sao-paulo\/#primaryimage"},"thumbnailUrl":"https:\/\/i0.wp.com\/vaimenina.com.br\/blog\/wp-content\/uploads\/2018\/03\/Fim-de-semana-em-S\u00e3o-Paulo-vai-menina.jpg?fit=3120%2C1376&ssl=1","datePublished":"2018-04-06T00:30:21+00:00","dateModified":"2019-01-15T04:47:26+00:00","author":{"@id":"https:\/\/vaimenina.com.br\/blog\/#\/schema\/person\/1bb0854ebc4c892c2d934c1682a715e5"},"description":"Meu roteiro para um fim de semana em S\u00e3o Paulo, com rol\u00ea na Liberdade, tour no Theatro Municipal, dica de bar, shoppings e domingo na Paulista fechada.","breadcrumb":{"@id":"https:\/\/vaimenina.com.br\/blog\/viagem-fim-de-semana-em-sao-paulo\/#breadcrumb"},"inLanguage":"pt-BR","potentialAction":[{"@type":"ReadAction","target":["https:\/\/vaimenina.com.br\/blog\/viagem-fim-de-semana-em-sao-paulo\/"]}]},{"@type":"ImageObject","inLanguage":"pt-BR","@id":"https:\/\/vaimenina.com.br\/blog\/viagem-fim-de-semana-em-sao-paulo\/#primaryimage","url":"https:\/\/i0.wp.com\/vaimenina.com.br\/blog\/wp-content\/uploads\/2018\/03\/Fim-de-semana-em-S\u00e3o-Paulo-vai-menina.jpg?fit=3120%2C1376&ssl=1","contentUrl":"https:\/\/i0.wp.com\/vaimenina.com.br\/blog\/wp-content\/uploads\/2018\/03\/Fim-de-semana-em-S\u00e3o-Paulo-vai-menina.jpg?fit=3120%2C1376&ssl=1","width":3120,"height":1376,"caption":"Fim-de-semana-em-S\u00e3o-Paulo-vai-menina"},{"@type":"BreadcrumbList","@id":"https:\/\/vaimenina.com.br\/blog\/viagem-fim-de-semana-em-sao-paulo\/#breadcrumb","itemListElement":[{"@type":"ListItem","position":1,"name":"In\u00edcio","item":"https:\/\/vaimenina.com.br\/blog\/"},{"@type":"ListItem","position":2,"name":"Viagem: Fim de semana em S\u00e3o Paulo"}]},{"@type":"WebSite","@id":"https:\/\/vaimenina.com.br\/blog\/#website","url":"https:\/\/vaimenina.com.br\/blog\/","name":"Vai Menina","description":"Viagens, ballet, cabelo, comportamento e mais...","potentialAction":[{"@type":"SearchAction","target":{"@type":"EntryPoint","urlTemplate":"https:\/\/vaimenina.com.br\/blog\/?s={search_term_string}"},"query-input":{"@type":"PropertyValueSpecification","valueRequired":true,"valueName":"search_term_string"}}],"inLanguage":"pt-BR"},{"@type":"Person","@id":"https:\/\/vaimenina.com.br\/blog\/#\/schema\/person\/1bb0854ebc4c892c2d934c1682a715e5","name":"J\u00e9ssica Ambr\u00f3sio","image":{"@type":"ImageObject","inLanguage":"pt-BR","@id":"https:\/\/vaimenina.com.br\/blog\/#\/schema\/person\/image\/","url":"https:\/\/secure.gravatar.com\/avatar\/be6d47f8502242c8b858a32c7dfc6d39?s=96&d=mm&r=g","contentUrl":"https:\/\/secure.gravatar.com\/avatar\/be6d47f8502242c8b858a32c7dfc6d39?s=96&d=mm&r=g","caption":"J\u00e9ssica Ambr\u00f3sio"},"description":"Publicit\u00e1ria, bailarina e cacheada. Adoro escrever e estou descobrindo as del\u00edcias de viajar. Tudo no custo-ben\u00ea, claro.","sameAs":["http:\/\/vaimenina.com.br"],"url":"https:\/\/vaimenina.com.br\/blog\/author\/jeh-ambrosiogmail-com\/"}]}},"jetpack_featured_media_url":"https:\/\/i0.wp.com\/vaimenina.com.br\/blog\/wp-content\/uploads\/2018\/03\/Fim-de-semana-em-S\u00e3o-Paulo-vai-menina.jpg?fit=3120%2C1376&ssl=1","jetpack_sharing_enabled":true,"jetpack_shortlink":"https:\/\/wp.me\/p5GGJf-ZJ","_links":{"self":[{"href":"https:\/\/vaimenina.com.br\/blog\/wp-json\/wp\/v2\/posts\/3827"}],"collection":[{"href":"https:\/\/vaimenina.com.br\/blog\/wp-json\/wp\/v2\/posts"}],"about":[{"href":"https:\/\/vaimenina.com.br\/blog\/wp-json\/wp\/v2\/types\/post"}],"author":[{"embeddable":true,"href":"https:\/\/vaimenina.com.br\/blog\/wp-json\/wp\/v2\/users\/1"}],"replies":[{"embeddable":true,"href":"https:\/\/vaimenina.com.br\/blog\/wp-json\/wp\/v2\/comments?post=3827"}],"version-history":[{"count":13,"href":"https:\/\/vaimenina.com.br\/blog\/wp-json\/wp\/v2\/posts\/3827\/revisions"}],"predecessor-version":[{"id":4591,"href":"https:\/\/vaimenina.com.br\/blog\/wp-json\/wp\/v2\/posts\/3827\/revisions\/4591"}],"wp:featuredmedia":[{"embeddable":true,"href":"https:\/\/vaimenina.com.br\/blog\/wp-json\/wp\/v2\/media\/3877"}],"wp:attachment":[{"href":"https:\/\/vaimenina.com.br\/blog\/wp-json\/wp\/v2\/media?parent=3827"}],"wp:term":[{"taxonomy":"category","embeddable":true,"href":"https:\/\/vaimenina.com.br\/blog\/wp-json\/wp\/v2\/categories?post=3827"},{"taxonomy":"post_tag","embeddable":true,"href":"https:\/\/vaimenina.com.br\/blog\/wp-json\/wp\/v2\/tags?post=3827"}],"curies":[{"name":"wp","href":"https:\/\/api.w.org\/{rel}","templated":true}]}}