{"id":4189,"date":"2018-06-28T10:00:00","date_gmt":"2018-06-28T13:00:00","guid":{"rendered":"http:\/\/vaimenina.com.br\/blog\/?p=4189"},"modified":"2018-06-27T00:15:19","modified_gmt":"2018-06-27T03:15:19","slug":"musicas-catolicas-para-casamento-casamentoandejeh","status":"publish","type":"post","link":"https:\/\/vaimenina.com.br\/blog\/musicas-catolicas-para-casamento-casamentoandejeh\/","title":{"rendered":"M\u00fasicas Cat\u00f3licas para Casamento #CasamentoAndeJeh"},"content":{"rendered":"<div class=\"pntrst_main_before_after\"><div class=\"pntrst-button-wrap \" >\n\t\t\t\t\t\t\t<a  data-pin-do=\"buttonFollow\" href=\"https:\/\/www.pinterest.com\/vaimenina\/\">Follow me<\/a>\n\t\t\t\t\t\t<\/div><\/div><p>Hoje vou falar sobre m\u00fasicas cat\u00f3licas para casamento, continuando os posts sobre <a href=\"http:\/\/vaimenina.com.br\/blog\/category\/casamento\/\"><strong>meu casamento<\/strong><\/a>. Eu me casei na igreja matriz de Pres. Bernardes\/SP. Tanto eu quanto o And temos uma viv\u00eancia de muitos anos na igreja cat\u00f3lica, nossas fam\u00edlias s\u00e3o ativas na igreja e pra gente o casamento religioso era super importante. Eu sei que nem todo mundo tem esse desejo de se casar na igreja e respeito a decis\u00e3o, \u00e9 algo muito pessoal que deve ser feito por amor.<\/p>\n<p><img data-recalc-dims=\"1\" loading=\"lazy\" decoding=\"async\" class=\"alignnone size-full wp-image-4232\" src=\"https:\/\/i0.wp.com\/vaimenina.com.br\/blog\/wp-content\/uploads\/2018\/06\/Musicas-Catolicas-para-Casamento-Vai-Menina.jpg?resize=1800%2C784\" alt=\"M\u00fasicas Cat\u00f3licas para Casamento - Vai Menina\" width=\"1800\" height=\"784\" srcset=\"https:\/\/i0.wp.com\/vaimenina.com.br\/blog\/wp-content\/uploads\/2018\/06\/Musicas-Catolicas-para-Casamento-Vai-Menina.jpg?w=1800&amp;ssl=1 1800w, https:\/\/i0.wp.com\/vaimenina.com.br\/blog\/wp-content\/uploads\/2018\/06\/Musicas-Catolicas-para-Casamento-Vai-Menina.jpg?resize=768%2C335&amp;ssl=1 768w, https:\/\/i0.wp.com\/vaimenina.com.br\/blog\/wp-content\/uploads\/2018\/06\/Musicas-Catolicas-para-Casamento-Vai-Menina.jpg?resize=1080%2C470&amp;ssl=1 1080w, https:\/\/i0.wp.com\/vaimenina.com.br\/blog\/wp-content\/uploads\/2018\/06\/Musicas-Catolicas-para-Casamento-Vai-Menina.jpg?resize=300%2C131&amp;ssl=1 300w, https:\/\/i0.wp.com\/vaimenina.com.br\/blog\/wp-content\/uploads\/2018\/06\/Musicas-Catolicas-para-Casamento-Vai-Menina.jpg?resize=870%2C379&amp;ssl=1 870w\" sizes=\"(max-width: 1000px) 100vw, 1000px\" \/><\/p>\n<p>Durante o curso de noivos, e depois em uma reuni\u00e3o com o padre, fomos informados que a par\u00f3quia s\u00f3 aceitava m\u00fasicas cat\u00f3licas nos casamentos. Tendo o entendimento de que para os cat\u00f3licos o casamento \u00e9 um sacramento (assim como batizado e crisma, por exemplo), eu comecei a procurar as m\u00fasicas. Justamente por ter vivido tantos momentos, participando de encontros, cursos e acampamentos, essa pesquisa n\u00e3o foi t\u00e3o dif\u00edcil pois j\u00e1 tinha um repert\u00f3rio de m\u00fasicas com letras bonitas, que se encaixavam nesse momento especial.<\/p>\n<p>Eu recebi a m\u00fasica da cerim\u00f4nia de presente de uma amiga super talentosa (canta, toca, pinta, desenha e at\u00e9<a href=\"https:\/\/www.facebook.com\/InaraBuchiniTattoo\/\"><strong> tatua<\/strong><\/a>! Ela j\u00e1 t\u00eam experi\u00eancia cantando e tocando em casamentos nas cidades da regi\u00e3o, ouviu todas as mihas escolhas e me ajudou a definir as m\u00fasicas. Conversei bastante com ela, trocamos refer\u00eancias e no final, faltando uma semana para o casamento, fui at\u00e9 a casa dela para ouvir um pedacinho. Foi lindo! Me emocionei com m\u00fasicas que marcaram minha vida na igreja e que tem letras muito significativas pra mim, na voz de uma pessoa t\u00e3o querida. Obrigada, Inara, foi um presente inesquec\u00edvel!<\/p>\n<p>&nbsp;<\/p>\n<h4>M\u00fasicas Cat\u00f3licas para Casamento: m\u00fasicas rom\u00e2nticas<\/h4>\n<p>Quando falamos em m\u00fasicas cat\u00f3licas para casamento, algumas pessoas podem torcer o nariz ao pensarem apenas em m\u00fasicas mais tradicionais de missa, mas eu venho dizer que existem muitas op\u00e7\u00f5es de m\u00fasicas t\u00e3o ou mais rom\u00e2nticas quanto <em>A Thousand Years <\/em>e que se encaixam perfeitamente na cerim\u00f4nia! O exerc\u00edcio de ouvir as m\u00fasicas buscando por mensagens que poderiam representar nosso amor foi muito especial, uma pena que n\u00e3o consegui usar todas hahaha. E entre as m\u00fasicas com essa pegada rom\u00e2ntica que ouvi, quero destacar aqui uma de arrepiar. Ela se chama At\u00e9 o Fim, da banda Rosa de Saron, e \u00e9 uma declara\u00e7\u00e3o de amor. Eu j\u00e1 conhecia a banda h\u00e1 muitos anos, mas quando ouvi essa m\u00fasica novamente encontrei at\u00e9 uma frase que combinava especialmente com a gente, pois nos casamos na primavera!<\/p>\n<p><iframe loading=\"lazy\" title=\"Rosa de Saron - At\u00e9 o Fim (\u00c1lbum O Agora e o Eterno)\" width=\"500\" height=\"281\" src=\"https:\/\/www.youtube.com\/embed\/ZzcvZYLjh18?feature=oembed\" frameborder=\"0\" allow=\"accelerometer; autoplay; clipboard-write; encrypted-media; gyroscope; picture-in-picture; web-share\" referrerpolicy=\"strict-origin-when-cross-origin\" allowfullscreen><\/iframe><\/p>\n<blockquote><p>Quem vai me abra\u00e7ar, me compreender, me consolar?<br \/>\nQuem vai me querer, quem vai saber me perdoar?<br \/>\nE quando tantas tardes gelam, quem vai me esquentar?<br \/>\nEu sei que \u00e9 voc\u00ea e a todo instante vai me amar<\/p>\n<p>Quando eu olho o que a vida vem se tornando<br \/>\nEu vejo que tudo se resume a te amar<br \/>\nO dia sorriu e eu acordei, foi o melhor que j\u00e1 nasceu!<br \/>\nE \u00e9 voc\u00ea e s\u00f3 voc\u00ea que o far\u00e1 durar<\/p>\n<p>N\u00e3o at\u00e9 o fim, at\u00e9 o ciclo terminar<br \/>\nN\u00e3o at\u00e9 morrer e o p\u00f3 \u00e0 terra misturar<br \/>\nQue seja para sempre e todo sempre<br \/>\nUm eterno altar<\/p>\n<p>Sou eu quem vai amar, quem vai saber te acalmar<br \/>\nSou eu quem vai ouvir sua doce voz e vai chorar<br \/>\n\u00c9 neste colo aqui que vai poder se debru\u00e7ar<br \/>\nE mesmo na aus\u00eancia, o cora\u00e7\u00e3o vai te levar<\/p>\n<p>Como poderia apagar tudo isso?<br \/>\nEu reviveria outras trezentas primaveras!<br \/>\nOlha pra mim, veja que eu era uma ilha a ser descoberta<br \/>\nE voc\u00ea passou por ali<\/p><\/blockquote>\n<p>&nbsp;<\/p>\n<h4>7\u00a0M\u00fasicas Cat\u00f3licas Rom\u00e2nticas para Casamento<\/h4>\n<p>Separei ainda outras cinco op\u00e7\u00f5es de m\u00fasicas rom\u00e2nticas com um trechinho e o link para um v\u00eddeo no Youtube. N\u00e3o s\u00e3o as que usei no meu casamento, mas podem inspirar outras noivas que est\u00e3o nessas busca. No final do post tamb\u00e9m coloquei a minha playlist, d\u00ea uma olhadinha porque tem outras m\u00fasicas muito legais.<\/p>\n<ul>\n<li><strong>Basta Querer &#8211; Padre Marcelo Rossi<\/strong><br \/>\n<em>&#8220;\u00c9 como um sonho, eu me dou por inteiro, teu \u00e9 meu cora\u00e7\u00e3o.<\/em><br \/>\n<em>E ao Teu lado, eu sempre sigo. J\u00e1 n\u00e3o h\u00e1 mais talvez, Basta querer pra te ver outra vez&#8221;<\/em><\/li>\n<li><strong>Com Poesia &#8211; Suely Fa\u00e7anha<\/strong><br \/>\n<em>&#8220;Ah quem dera com palavras explicar o amor.<\/em><br \/>\n<em>Ah quisera com poesia comparar seu valor&#8221;<\/em><\/li>\n<li><strong>Eu Sei que \u00e9 Voc\u00ea &#8211; Ricardo de S\u00e1<\/strong><br \/>\n<em>&#8220;Com voc\u00ea sou melhor, com voc\u00ea, vou mais longe<\/em><br \/>\n<em>Com voc\u00ea, n\u00e3o tenho medo de sonhar, pois sei que ao meu lado est\u00e1&#8221;<\/em><\/li>\n<li><strong>Ningu\u00e9m Mais &#8211; Rosa de Saron<\/strong><br \/>\n<em>&#8220;Cada simples pensamento meu \u00e9 uma medida<\/em><br \/>\n<em>Que h\u00e1 tempos decidiu te amar sem reservas&#8221;<\/em><\/li>\n<li><strong>O Primeiro Olhar &#8211; Anjos de Resgate<\/strong> (uma das m\u00fasicas cat\u00f3licas para casamento mais tocadas)<br \/>\n<em>&#8220;Foi no primeiro olhar que eu te consagrei o meu amor<\/em><br \/>\n<em>E nada vai nos separar na alegria ou na dor<\/em><br \/>\n<em>O mundo n\u00e3o ver\u00e1 o nosso amor se acabar&#8221;<\/em><\/li>\n<li><strong>Voc\u00ea e Eu &#8211; Eliana Ribeiro<\/strong><br \/>\n<em>&#8220;Agora somos um do outro, nosso amor foi crescendo aos poucos<\/em><br \/>\n<em>Provado na dor como o ouro provado no fogo&#8221;<\/em><\/li>\n<li><strong>Vou te Amar &#8211; M\u00e1rcio Todeschini<\/strong><br \/>\n<em>&#8220;Eu tanto esperei pra te ver assim,<\/em><br \/>\n<em>J\u00e1 sofremos juntos, sonhamos juntos,<\/em><br \/>\n<em>Que bom poder dizer: &#8216;Chegamos aqui'&#8221;<\/em><\/li>\n<\/ul>\n<p>&nbsp;<\/p>\n<h4>M\u00fasicas Cat\u00f3licas para Casamento: padrinhos e m\u00fasicas sobre amizade<\/h4>\n<p>Um momento que pede uma m\u00fasica tem\u00e1tica \u00e9 a entrada (e sa\u00edda) dos padrinhos. Eu escolhi m\u00fasicas cat\u00f3licas sobre amizade, muitas delas j\u00e1 cantei para amigos que estavam l\u00e1, dividindo esse momento comigo. Tem como n\u00e3o se emocionar? Pela quantidade de padrinhos que tivemos (10 casais no total) a indica\u00e7\u00e3o da Inara, que j\u00e1 tem experi\u00eancia com casamentos, foi escolher duas m\u00fasicas para a entrada e outras duas para sa\u00edda. Poderia ser a mesma, repetindo, mas como eu j\u00e1 conhecia tantas m\u00fasicas lindas, quis usar o m\u00e1ximo de vers\u00f5es poss\u00edvel. Dessa categoria, destaco uma m\u00fasica linda, em uma vers\u00e3o ainda mais bonita: Presente de Deus, do Maninho.<\/p>\n<p><iframe loading=\"lazy\" title=\"Maninho - Presente de Deus\" width=\"500\" height=\"281\" src=\"https:\/\/www.youtube.com\/embed\/kVzb-UMUwtE?feature=oembed\" frameborder=\"0\" allow=\"accelerometer; autoplay; clipboard-write; encrypted-media; gyroscope; picture-in-picture; web-share\" referrerpolicy=\"strict-origin-when-cross-origin\" allowfullscreen><\/iframe><\/p>\n<blockquote><p>H\u00e1 quem diga que \u00e9 s\u00f3 passageiro<br \/>\nMas \u00e9 certo que momentos ficam na<br \/>\nMem\u00f3ria de quem vive assim<br \/>\nEu sei, e digo, que pessoas sempre<br \/>\nDeixam seu peda\u00e7o de amor aqui<br \/>\n\u00c9 Deus que aparece num abra\u00e7o<br \/>\n\u00c9 Deus que se derrama nesse espa\u00e7o<br \/>\nQue eu sempre terei<\/p>\n<p>H\u00e1 quem diga que \u00e9 s\u00f3 passageiro<br \/>\nMas \u00e9 certo que momentos ficam na<br \/>\nMem\u00f3ria de quem vive assim<br \/>\nEu sei, e digo, que pessoas sempre<br \/>\nDeixam seu peda\u00e7o de amor aqui<br \/>\n\u00c9 Deus que aparece num abra\u00e7o<br \/>\n\u00c9 Deus que se derrama nesse espa\u00e7o<\/p>\n<p>Que eu terei para sempre<br \/>\nEsse presente de Deus,<br \/>\nNum abra\u00e7o, num sorriso que vem<br \/>\nE eu terei para sempre<br \/>\nEsse presente de Deus,<br \/>\nNum abra\u00e7o, num sorriso que vem de voc\u00ea.<\/p><\/blockquote>\n<p>&nbsp;<\/p>\n<h4>5 M\u00fasicas sobre amizade para padrinhos de casamento<\/h4>\n<p>Al\u00e9m das quatro m\u00fasicas que eu escolhi para meu casamento, decidi compartilhar com voc\u00eas essas outras que tamb\u00e9m tem letras e melodias lindas. Uma dica: se voc\u00ea pretende fazer um convite ou lembrancinha especial para os padrinhos, usar trechos dessas m\u00fasicas vai deixar tudo ainda mais delicado e especial!<\/p>\n<ul>\n<li><strong>Amigo \u00e9 s\u00f3 Me Chamar &#8211; Celina Borges<\/strong><br \/>\n<i>&#8220;<\/i><em>Eu escolhi estar com voc\u00ea. Nossa amizade n\u00e3o h\u00e1 de se perder<\/em><br \/>\n<em>Eu escolhi crescer com voc\u00ea, a\u00a0nossa historia o c\u00e9u vai escrever&#8221;<\/em><\/li>\n<li><strong>Amigos pela F\u00e9 &#8211; Anjos de Resgate<\/strong><br \/>\n<em>&#8220;Sou eu, quem vai ouvir voc\u00ea q<\/em><em>uando o mundo n\u00e3o puder te entender<\/em><br \/>\n<em>Foi Deus, quem te escolheu pra ser o<\/em><em>\u00a0melhor amigo que eu pudesse ter&#8221;<\/em><\/li>\n<li><strong>Anjo Guardi\u00e3o &#8211; Canal da Gra\u00e7a<\/strong><br \/>\n<em>&#8220;Serei os teus olhos quando a dor te cegar<\/em><br \/>\n<em>Te levo em meu colo se o teu passo falhar<\/em><br \/>\n<em>Serei um elo entre o c\u00e9u e voc\u00ea&#8221;<\/em><\/li>\n<li><strong>Mais que Amigos &#8211; Anjos de Resgate<\/strong><br \/>\n<em>&#8220;Sou muito mais que um amigo, sou um Anjo que o Senhor enviou<\/em><br \/>\n<em>Pode gritar para o mundo ouvir sou o Anjo que o Senhor enviou&#8221;<\/em><\/li>\n<li><strong>Para Ser Amado &#8211; Ziza Fernandes<\/strong><br \/>\n<em>&#8220;Pra ser recebido e passar bem \u00e9\u00a0preciso amigo e querer bem<\/em><br \/>\n<em>Pra se ter estrada \u00e9 bom sonhar, um sonho faz gente caminhar&#8221;<\/em><\/li>\n<\/ul>\n<p>&nbsp;<\/p>\n<h4>M\u00fasicas Cat\u00f3licas para Casamento: minha playlist<\/h4>\n<p>Para finalizar, essas s\u00e3o as m\u00fasicas que escolhi para o meu casamento. O noivo fez quest\u00e3o de escolher a pr\u00f3pria m\u00fasica de entrada, mas deixou todas as outras para minha escolha. A par\u00f3quia permitia, al\u00e9m das m\u00fasicas cat\u00f3licas, m\u00fasicas cl\u00e1ssicas, mas eu prefiro m\u00fasicas com letra, assim todo mundo entende e pode refletir com a can\u00e7\u00e3o escolhida pra cada momento. Ah, a m\u00fasica da nossa sa\u00edda foi diferente. Como na hora da sa\u00edda a cerim\u00f4nia religiosa do casamento j\u00e1 havia acabado, a \u00faltima m\u00fasica foi livre e escolhemos essa bem animada, para combinar com um momento t\u00e3o feliz!<\/p>\n<ul>\n<li><strong>Entrada dos Padrinhos<\/strong><br \/>\nAlma de Amigo &#8211; Ziza Fernandes<br \/>\nSerei Teu Amigo &#8211; Almir Alencar<\/li>\n<li><strong>Entrada do Noivo<\/strong><br \/>\nJesus Alegria dos Homens &#8211; Bach<\/li>\n<li><strong>Entrada das Av\u00f3s (b\u00edblia e flores)<\/strong><br \/>\nAbra\u00e7o Eterno &#8211; Suely Fa\u00e7anha<\/li>\n<li><strong>Entrada das Alian\u00e7as <\/strong>(falei dessa no posts com minhas\u00a0<a href=\"http:\/\/vaimenina.com.br\/blog\/daminhas-bailarinas-casamentoandejeh\/\"><strong>daminhas bailarinas<\/strong><\/a>)<br \/>\nNamorando &#8211; Grecco<\/li>\n<li><strong>Entrada da Noiva<\/strong><br \/>\nO Salto \u2013 Padre Rafael Contini<\/li>\n<li><strong>Ben\u00e7\u00e3o das Alian\u00e7as<\/strong><br \/>\nMetade de Mim &#8211; Rosa de Salon<\/li>\n<li><strong>Sa\u00edda dos Padrinhos<\/strong><br \/>\nEternos Amigos &#8211; Anjos de Resgate<br \/>\nSou Teu Anjo &#8211; Anjos de Resgate<\/li>\n<li><strong>Sa\u00edda dos Noivos<\/strong><br \/>\nMarry You &#8211; Bruno Mars<\/li>\n<\/ul>\n<p>Espero que tenham gostado, e que essas dicas de\u00a0m\u00fasicas cat\u00f3licas para casamento sejam \u00fateis para outras noivas. Voc\u00ea tem alguma sugest\u00e3o de m\u00fasica, ou quer compartilhar as can\u00e7\u00f5es que tocaram ou ainda v\u00e3o tocar no seu casamento? Deixe aqui nos coment\u00e1rios e vamos falar desse assunto que nunca tem fim! Beijos, e at\u00e9 o pr\u00f3ximo post!<\/p>\n<div class=\"pntrst_main_before_after\"><\/div>","protected":false},"excerpt":{"rendered":"<p>Follow me Hoje vou falar sobre m\u00fasicas cat\u00f3licas para casamento, continuando os posts sobre meu casamento. Eu me casei na igreja matriz de Pres. Bernardes\/SP. Tanto eu quanto o And temos uma viv\u00eancia de muitos anos na igreja cat\u00f3lica, nossas fam\u00edlias s\u00e3o ativas na igreja e pra gente o casamento religioso era super importante. Eu [&hellip;]<\/p>\n","protected":false},"author":1,"featured_media":4232,"comment_status":"open","ping_status":"open","sticky":false,"template":"","format":"standard","meta":{"_exactmetrics_skip_tracking":false,"_exactmetrics_sitenote_active":false,"_exactmetrics_sitenote_note":"","_exactmetrics_sitenote_category":0,"jetpack_post_was_ever_published":false,"_jetpack_newsletter_access":"","_jetpack_dont_email_post_to_subs":false,"_jetpack_newsletter_tier_id":0,"_jetpack_memberships_contains_paywalled_content":false,"_jetpack_memberships_contains_paid_content":false,"footnotes":"","jetpack_publicize_message":"","jetpack_publicize_feature_enabled":true,"jetpack_social_post_already_shared":true,"jetpack_social_options":{"image_generator_settings":{"template":"highway","enabled":false},"version":2}},"categories":[345],"tags":[119],"class_list":["post-4189","post","type-post","status-publish","format-standard","has-post-thumbnail","hentry","category-casamento","tag-playlist"],"jetpack_publicize_connections":[],"yoast_head":"<!-- This site is optimized with the Yoast SEO plugin v23.5 - https:\/\/yoast.com\/wordpress\/plugins\/seo\/ -->\n<title>M\u00fasicas Cat\u00f3licas para Casamento #CasamentoAndeJeh - Vai Menina<\/title>\n<meta name=\"description\" content=\"Dicas de m\u00fasicas cat\u00f3licas para casamento, cortejo de entrada e a playlist da cerim\u00f4nia religiosa do meu casamento, com m\u00fasicas cat\u00f3licas e rom\u00e2nticas!\" \/>\n<meta name=\"robots\" content=\"index, follow, max-snippet:-1, max-image-preview:large, max-video-preview:-1\" \/>\n<link rel=\"canonical\" href=\"https:\/\/vaimenina.com.br\/blog\/musicas-catolicas-para-casamento-casamentoandejeh\/\" \/>\n<meta property=\"og:locale\" content=\"pt_BR\" \/>\n<meta property=\"og:type\" content=\"article\" \/>\n<meta property=\"og:title\" content=\"M\u00fasicas Cat\u00f3licas para Casamento #CasamentoAndeJeh - Vai Menina\" \/>\n<meta property=\"og:description\" content=\"Dicas de m\u00fasicas cat\u00f3licas para casamento, cortejo de entrada e a playlist da cerim\u00f4nia religiosa do meu casamento, com m\u00fasicas cat\u00f3licas e rom\u00e2nticas!\" \/>\n<meta property=\"og:url\" content=\"https:\/\/vaimenina.com.br\/blog\/musicas-catolicas-para-casamento-casamentoandejeh\/\" \/>\n<meta property=\"og:site_name\" content=\"Vai Menina\" \/>\n<meta property=\"article:publisher\" content=\"https:\/\/www.facebook.com\/vaimenina\/\" \/>\n<meta property=\"article:published_time\" content=\"2018-06-28T13:00:00+00:00\" \/>\n<meta property=\"article:modified_time\" content=\"2018-06-27T03:15:19+00:00\" \/>\n<meta property=\"og:image\" content=\"https:\/\/i0.wp.com\/vaimenina.com.br\/blog\/wp-content\/uploads\/2018\/06\/Musicas-Catolicas-para-Casamento-Vai-Menina.jpg?fit=1800%2C784&ssl=1\" \/>\n\t<meta property=\"og:image:width\" content=\"1800\" \/>\n\t<meta property=\"og:image:height\" content=\"784\" \/>\n\t<meta property=\"og:image:type\" content=\"image\/jpeg\" \/>\n<meta name=\"author\" content=\"J\u00e9ssica Ambr\u00f3sio\" \/>\n<meta name=\"twitter:label1\" content=\"Escrito por\" \/>\n\t<meta name=\"twitter:data1\" content=\"J\u00e9ssica Ambr\u00f3sio\" \/>\n\t<meta name=\"twitter:label2\" content=\"Est. tempo de leitura\" \/>\n\t<meta name=\"twitter:data2\" content=\"9 minutos\" \/>\n<script type=\"application\/ld+json\" class=\"yoast-schema-graph\">{\"@context\":\"https:\/\/schema.org\",\"@graph\":[{\"@type\":\"WebPage\",\"@id\":\"https:\/\/vaimenina.com.br\/blog\/musicas-catolicas-para-casamento-casamentoandejeh\/\",\"url\":\"https:\/\/vaimenina.com.br\/blog\/musicas-catolicas-para-casamento-casamentoandejeh\/\",\"name\":\"M\u00fasicas Cat\u00f3licas para Casamento #CasamentoAndeJeh - Vai Menina\",\"isPartOf\":{\"@id\":\"https:\/\/vaimenina.com.br\/blog\/#website\"},\"primaryImageOfPage\":{\"@id\":\"https:\/\/vaimenina.com.br\/blog\/musicas-catolicas-para-casamento-casamentoandejeh\/#primaryimage\"},\"image\":{\"@id\":\"https:\/\/vaimenina.com.br\/blog\/musicas-catolicas-para-casamento-casamentoandejeh\/#primaryimage\"},\"thumbnailUrl\":\"https:\/\/i0.wp.com\/vaimenina.com.br\/blog\/wp-content\/uploads\/2018\/06\/Musicas-Catolicas-para-Casamento-Vai-Menina.jpg?fit=1800%2C784&ssl=1\",\"datePublished\":\"2018-06-28T13:00:00+00:00\",\"dateModified\":\"2018-06-27T03:15:19+00:00\",\"author\":{\"@id\":\"https:\/\/vaimenina.com.br\/blog\/#\/schema\/person\/1bb0854ebc4c892c2d934c1682a715e5\"},\"description\":\"Dicas de m\u00fasicas cat\u00f3licas para casamento, cortejo de entrada e a playlist da cerim\u00f4nia religiosa do meu casamento, com m\u00fasicas cat\u00f3licas e rom\u00e2nticas!\",\"breadcrumb\":{\"@id\":\"https:\/\/vaimenina.com.br\/blog\/musicas-catolicas-para-casamento-casamentoandejeh\/#breadcrumb\"},\"inLanguage\":\"pt-BR\",\"potentialAction\":[{\"@type\":\"ReadAction\",\"target\":[\"https:\/\/vaimenina.com.br\/blog\/musicas-catolicas-para-casamento-casamentoandejeh\/\"]}]},{\"@type\":\"ImageObject\",\"inLanguage\":\"pt-BR\",\"@id\":\"https:\/\/vaimenina.com.br\/blog\/musicas-catolicas-para-casamento-casamentoandejeh\/#primaryimage\",\"url\":\"https:\/\/i0.wp.com\/vaimenina.com.br\/blog\/wp-content\/uploads\/2018\/06\/Musicas-Catolicas-para-Casamento-Vai-Menina.jpg?fit=1800%2C784&ssl=1\",\"contentUrl\":\"https:\/\/i0.wp.com\/vaimenina.com.br\/blog\/wp-content\/uploads\/2018\/06\/Musicas-Catolicas-para-Casamento-Vai-Menina.jpg?fit=1800%2C784&ssl=1\",\"width\":\"1800\",\"height\":\"784\",\"caption\":\"M\u00fasicas Cat\u00f3licas para Casamento - Vai Menina\"},{\"@type\":\"BreadcrumbList\",\"@id\":\"https:\/\/vaimenina.com.br\/blog\/musicas-catolicas-para-casamento-casamentoandejeh\/#breadcrumb\",\"itemListElement\":[{\"@type\":\"ListItem\",\"position\":1,\"name\":\"In\u00edcio\",\"item\":\"https:\/\/vaimenina.com.br\/blog\/\"},{\"@type\":\"ListItem\",\"position\":2,\"name\":\"M\u00fasicas Cat\u00f3licas para Casamento #CasamentoAndeJeh\"}]},{\"@type\":\"WebSite\",\"@id\":\"https:\/\/vaimenina.com.br\/blog\/#website\",\"url\":\"https:\/\/vaimenina.com.br\/blog\/\",\"name\":\"Vai Menina\",\"description\":\"Viagens, ballet, cabelo, comportamento e mais...\",\"potentialAction\":[{\"@type\":\"SearchAction\",\"target\":{\"@type\":\"EntryPoint\",\"urlTemplate\":\"https:\/\/vaimenina.com.br\/blog\/?s={search_term_string}\"},\"query-input\":{\"@type\":\"PropertyValueSpecification\",\"valueRequired\":true,\"valueName\":\"search_term_string\"}}],\"inLanguage\":\"pt-BR\"},{\"@type\":\"Person\",\"@id\":\"https:\/\/vaimenina.com.br\/blog\/#\/schema\/person\/1bb0854ebc4c892c2d934c1682a715e5\",\"name\":\"J\u00e9ssica Ambr\u00f3sio\",\"image\":{\"@type\":\"ImageObject\",\"inLanguage\":\"pt-BR\",\"@id\":\"https:\/\/vaimenina.com.br\/blog\/#\/schema\/person\/image\/\",\"url\":\"https:\/\/secure.gravatar.com\/avatar\/be6d47f8502242c8b858a32c7dfc6d39?s=96&d=mm&r=g\",\"contentUrl\":\"https:\/\/secure.gravatar.com\/avatar\/be6d47f8502242c8b858a32c7dfc6d39?s=96&d=mm&r=g\",\"caption\":\"J\u00e9ssica Ambr\u00f3sio\"},\"description\":\"Publicit\u00e1ria, bailarina e cacheada. Adoro escrever e estou descobrindo as del\u00edcias de viajar. Tudo no custo-ben\u00ea, claro.\",\"sameAs\":[\"http:\/\/vaimenina.com.br\"],\"url\":\"https:\/\/vaimenina.com.br\/blog\/author\/jeh-ambrosiogmail-com\/\"}]}<\/script>\n<!-- \/ Yoast SEO plugin. -->","yoast_head_json":{"title":"M\u00fasicas Cat\u00f3licas para Casamento #CasamentoAndeJeh - Vai Menina","description":"Dicas de m\u00fasicas cat\u00f3licas para casamento, cortejo de entrada e a playlist da cerim\u00f4nia religiosa do meu casamento, com m\u00fasicas cat\u00f3licas e rom\u00e2nticas!","robots":{"index":"index","follow":"follow","max-snippet":"max-snippet:-1","max-image-preview":"max-image-preview:large","max-video-preview":"max-video-preview:-1"},"canonical":"https:\/\/vaimenina.com.br\/blog\/musicas-catolicas-para-casamento-casamentoandejeh\/","og_locale":"pt_BR","og_type":"article","og_title":"M\u00fasicas Cat\u00f3licas para Casamento #CasamentoAndeJeh - Vai Menina","og_description":"Dicas de m\u00fasicas cat\u00f3licas para casamento, cortejo de entrada e a playlist da cerim\u00f4nia religiosa do meu casamento, com m\u00fasicas cat\u00f3licas e rom\u00e2nticas!","og_url":"https:\/\/vaimenina.com.br\/blog\/musicas-catolicas-para-casamento-casamentoandejeh\/","og_site_name":"Vai Menina","article_publisher":"https:\/\/www.facebook.com\/vaimenina\/","article_published_time":"2018-06-28T13:00:00+00:00","article_modified_time":"2018-06-27T03:15:19+00:00","og_image":[{"width":1800,"height":784,"url":"https:\/\/i0.wp.com\/vaimenina.com.br\/blog\/wp-content\/uploads\/2018\/06\/Musicas-Catolicas-para-Casamento-Vai-Menina.jpg?fit=1800%2C784&ssl=1","type":"image\/jpeg"}],"author":"J\u00e9ssica Ambr\u00f3sio","twitter_misc":{"Escrito por":"J\u00e9ssica Ambr\u00f3sio","Est. tempo de leitura":"9 minutos"},"schema":{"@context":"https:\/\/schema.org","@graph":[{"@type":"WebPage","@id":"https:\/\/vaimenina.com.br\/blog\/musicas-catolicas-para-casamento-casamentoandejeh\/","url":"https:\/\/vaimenina.com.br\/blog\/musicas-catolicas-para-casamento-casamentoandejeh\/","name":"M\u00fasicas Cat\u00f3licas para Casamento #CasamentoAndeJeh - Vai Menina","isPartOf":{"@id":"https:\/\/vaimenina.com.br\/blog\/#website"},"primaryImageOfPage":{"@id":"https:\/\/vaimenina.com.br\/blog\/musicas-catolicas-para-casamento-casamentoandejeh\/#primaryimage"},"image":{"@id":"https:\/\/vaimenina.com.br\/blog\/musicas-catolicas-para-casamento-casamentoandejeh\/#primaryimage"},"thumbnailUrl":"https:\/\/i0.wp.com\/vaimenina.com.br\/blog\/wp-content\/uploads\/2018\/06\/Musicas-Catolicas-para-Casamento-Vai-Menina.jpg?fit=1800%2C784&ssl=1","datePublished":"2018-06-28T13:00:00+00:00","dateModified":"2018-06-27T03:15:19+00:00","author":{"@id":"https:\/\/vaimenina.com.br\/blog\/#\/schema\/person\/1bb0854ebc4c892c2d934c1682a715e5"},"description":"Dicas de m\u00fasicas cat\u00f3licas para casamento, cortejo de entrada e a playlist da cerim\u00f4nia religiosa do meu casamento, com m\u00fasicas cat\u00f3licas e rom\u00e2nticas!","breadcrumb":{"@id":"https:\/\/vaimenina.com.br\/blog\/musicas-catolicas-para-casamento-casamentoandejeh\/#breadcrumb"},"inLanguage":"pt-BR","potentialAction":[{"@type":"ReadAction","target":["https:\/\/vaimenina.com.br\/blog\/musicas-catolicas-para-casamento-casamentoandejeh\/"]}]},{"@type":"ImageObject","inLanguage":"pt-BR","@id":"https:\/\/vaimenina.com.br\/blog\/musicas-catolicas-para-casamento-casamentoandejeh\/#primaryimage","url":"https:\/\/i0.wp.com\/vaimenina.com.br\/blog\/wp-content\/uploads\/2018\/06\/Musicas-Catolicas-para-Casamento-Vai-Menina.jpg?fit=1800%2C784&ssl=1","contentUrl":"https:\/\/i0.wp.com\/vaimenina.com.br\/blog\/wp-content\/uploads\/2018\/06\/Musicas-Catolicas-para-Casamento-Vai-Menina.jpg?fit=1800%2C784&ssl=1","width":"1800","height":"784","caption":"M\u00fasicas Cat\u00f3licas para Casamento - Vai Menina"},{"@type":"BreadcrumbList","@id":"https:\/\/vaimenina.com.br\/blog\/musicas-catolicas-para-casamento-casamentoandejeh\/#breadcrumb","itemListElement":[{"@type":"ListItem","position":1,"name":"In\u00edcio","item":"https:\/\/vaimenina.com.br\/blog\/"},{"@type":"ListItem","position":2,"name":"M\u00fasicas Cat\u00f3licas para Casamento #CasamentoAndeJeh"}]},{"@type":"WebSite","@id":"https:\/\/vaimenina.com.br\/blog\/#website","url":"https:\/\/vaimenina.com.br\/blog\/","name":"Vai Menina","description":"Viagens, ballet, cabelo, comportamento e mais...","potentialAction":[{"@type":"SearchAction","target":{"@type":"EntryPoint","urlTemplate":"https:\/\/vaimenina.com.br\/blog\/?s={search_term_string}"},"query-input":{"@type":"PropertyValueSpecification","valueRequired":true,"valueName":"search_term_string"}}],"inLanguage":"pt-BR"},{"@type":"Person","@id":"https:\/\/vaimenina.com.br\/blog\/#\/schema\/person\/1bb0854ebc4c892c2d934c1682a715e5","name":"J\u00e9ssica Ambr\u00f3sio","image":{"@type":"ImageObject","inLanguage":"pt-BR","@id":"https:\/\/vaimenina.com.br\/blog\/#\/schema\/person\/image\/","url":"https:\/\/secure.gravatar.com\/avatar\/be6d47f8502242c8b858a32c7dfc6d39?s=96&d=mm&r=g","contentUrl":"https:\/\/secure.gravatar.com\/avatar\/be6d47f8502242c8b858a32c7dfc6d39?s=96&d=mm&r=g","caption":"J\u00e9ssica Ambr\u00f3sio"},"description":"Publicit\u00e1ria, bailarina e cacheada. Adoro escrever e estou descobrindo as del\u00edcias de viajar. Tudo no custo-ben\u00ea, claro.","sameAs":["http:\/\/vaimenina.com.br"],"url":"https:\/\/vaimenina.com.br\/blog\/author\/jeh-ambrosiogmail-com\/"}]}},"jetpack_featured_media_url":"https:\/\/i0.wp.com\/vaimenina.com.br\/blog\/wp-content\/uploads\/2018\/06\/Musicas-Catolicas-para-Casamento-Vai-Menina.jpg?fit=1800%2C784&ssl=1","jetpack_sharing_enabled":true,"jetpack_shortlink":"https:\/\/wp.me\/p5GGJf-15z","_links":{"self":[{"href":"https:\/\/vaimenina.com.br\/blog\/wp-json\/wp\/v2\/posts\/4189"}],"collection":[{"href":"https:\/\/vaimenina.com.br\/blog\/wp-json\/wp\/v2\/posts"}],"about":[{"href":"https:\/\/vaimenina.com.br\/blog\/wp-json\/wp\/v2\/types\/post"}],"author":[{"embeddable":true,"href":"https:\/\/vaimenina.com.br\/blog\/wp-json\/wp\/v2\/users\/1"}],"replies":[{"embeddable":true,"href":"https:\/\/vaimenina.com.br\/blog\/wp-json\/wp\/v2\/comments?post=4189"}],"version-history":[{"count":14,"href":"https:\/\/vaimenina.com.br\/blog\/wp-json\/wp\/v2\/posts\/4189\/revisions"}],"predecessor-version":[{"id":4238,"href":"https:\/\/vaimenina.com.br\/blog\/wp-json\/wp\/v2\/posts\/4189\/revisions\/4238"}],"wp:featuredmedia":[{"embeddable":true,"href":"https:\/\/vaimenina.com.br\/blog\/wp-json\/wp\/v2\/media\/4232"}],"wp:attachment":[{"href":"https:\/\/vaimenina.com.br\/blog\/wp-json\/wp\/v2\/media?parent=4189"}],"wp:term":[{"taxonomy":"category","embeddable":true,"href":"https:\/\/vaimenina.com.br\/blog\/wp-json\/wp\/v2\/categories?post=4189"},{"taxonomy":"post_tag","embeddable":true,"href":"https:\/\/vaimenina.com.br\/blog\/wp-json\/wp\/v2\/tags?post=4189"}],"curies":[{"name":"wp","href":"https:\/\/api.w.org\/{rel}","templated":true}]}}